{"id":9869,"date":"2016-11-07T20:18:47","date_gmt":"2016-11-07T23:18:47","guid":{"rendered":"https:\/\/eldiariodesanpedro.com.ar\/sitio\/?p=9869"},"modified":"2016-11-07T20:54:17","modified_gmt":"2016-11-07T23:54:17","slug":"vivir-amenazados-y-con-miedo","status":"publish","type":"post","link":"https:\/\/eldiariodesanpedro.com.ar\/sitio\/vivir-amenazados-y-con-miedo\/","title":{"rendered":"Vivir amenazados y con miedo"},"content":{"rendered":"<p><!-- VideographyWP Plugin Message: Automatic video embedding prevented by plugin options. --><br \/>\nPaola C\u00e1ceres, una comerciante de la ciudad, se comunic\u00f3 con El Diario para realizar una denuncia p\u00fablica de una manera desesperada: se encuentra sufriendo amenazas constantes por parte de un joven que vive en el mismo barrio que ella, el barrio San Miguel.<\/p>\n<p>Paola relata sobre lo sucedido: \u00abTodo comenz\u00f3 hace dos meses atr\u00e1s cuando intent\u00f3 robar en nuestro comercio y no consigui\u00f3 nada, no pudo robar y comenz\u00f3 a dispararnos a m\u00ed, a mi marido y a mi hijo. Estuvo detenido 20 d\u00edas y lo largaron. Dos noches despu\u00e9s de esos d\u00edas detenido apareci\u00f3 nuevamente en el negocio amenazando para que yo levante la denuncia, pero yo le dije que nunca iba a levantar, ya que \u00bfc\u00f3mo voy a levantar una denuncia sobre una persona que amenaza con matarme a m\u00ed y a toda mi familia? Adem\u00e1s que me puede volver a intentar robar, pero como yo le dije nunca voy a levantar la denuncia. Voy a proteger a mi familia como sea\u00bb.<\/p>\n<p>La mujer, angustiada, nos sigui\u00f3 contando que el d\u00eda domingo, alrededor de las 20.00, otra vez este malviviente volvi\u00f3 a atacar su comercio (que se encuentra ubicado en calle General Alvarado 1355), tir\u00e1ndole piedras y rompiendo los vidrios del local. En ese momento, en el lugar hab\u00eda una gran cantidad de clientes comprando.<\/p>\n<p>Seg\u00fan C\u00e1ceres, que adem\u00e1s se encuentra embarazada de 3 meses, vive en el lugar con su familia, su marido y sus 4 hijos, desde hace 6 a\u00f1os y hace 3 que tiene all\u00ed su comercio. \u00abEste loco tiene amenazadas a todas las personas y la gente tiene miedo, porque si vos le ped\u00eds a alguien que te salga de testigo nadie lo quiere hacer. \u00c9l le dice a todos \u2018vos a m\u00ed no me viste, yo no estuve ac\u00e1, sino te vuelo la cabeza\u2019\u00bb, contin\u00faa.<\/p>\n<p>\u00abSi no levantamos la denuncia, nos dijo que nos va a prender fuego la casa, que nos va a matar, que esto, que lo otro. Y \u00e9l asegura que si cae preso m\u00e1s de 8 meses no va estar y que va a salir m\u00e1s resentido y \u2018con m\u00e1s raz\u00f3n los voy a matar y prender fuego\u2019\u00bb, nos cuenta Paola con mucha tristeza.<br \/>\nSu reclamo es de justicia y de seguridad. A pesar de haber hablado en varios medios de comunicaci\u00f3n, no tuvo ning\u00fan llamado de funcionarios ni nadie que trate de darle una soluci\u00f3n.<\/p>\n<p>Adem\u00e1s nos dice: \u00abDe la polic\u00eda no puedo decir nada, porque vos los llam\u00e1s y est\u00e1n enseguida, gracias a Dios, pero ellos qu\u00e9 pueden hacer si vienen, lo agarran y a los 20 d\u00edas est\u00e1 suelto. \u00bfDe qu\u00e9 te sirve? \u00bfQui\u00e9n me protege a m\u00ed?\u00bfQui\u00e9n protege a mis hijos?\u00bb.<\/p>\n<p>Este delincuente tambi\u00e9n fue protagonista de un hecho delictivo que fue noticia hace unos meses atr\u00e1s, cuando atac\u00f3 a un <a href=\"https:\/\/eldiariodesanpedro.com.ar\/sitio\/un-colombiano-tras-una-discusion-recibio-un-disparo-de-arma-de-fuego-en-una-de-sus-piernas\/\">vendedor colombiano que ofrec\u00eda muebles en un carro, dispar\u00e1ndole en una de sus piernas<\/a>. Adem\u00e1s, en otra oportunidad habr\u00eda amenazado a los vecinos del barrio con una motosierra diciendo que, como no era una arma, iba a asesinar a todos y nadie le iba a decir nada. A pesar de todas las denuncias y de los hechos en los que estuvo implicado, este joven sigue en libertad.<\/p>\n<div class=\"fb-video\" data-allowfullscreen=\"true\" data-href=\"https:\/\/www.facebook.com\/eldiario.desanpedro\/videos\/534699586739185\/\" style=\"background-color: #fff; display: inline-block;\"><\/div>\n","protected":false},"excerpt":{"rendered":"<p>Paola C\u00e1ceres, una comerciante de la ciudad, se comunic\u00f3 con El Diario para realizar una denuncia p\u00fablica de una manera desesperada: se encuentra sufriendo amenazas constantes por parte de un joven que vive en el mismo barrio que ella, el barrio San Miguel. Paola relata sobre lo sucedido: \u00abTodo comenz\u00f3 hace dos meses atr\u00e1s cuando [&hellip;]<\/p>\n","protected":false},"author":4,"featured_media":9870,"comment_status":"open","ping_status":"closed","sticky":false,"template":"","format":"standard","meta":{"om_disable_all_campaigns":false,"_jetpack_memberships_contains_paid_content":false,"footnotes":""},"categories":[50,2,103],"tags":[],"class_list":["post-9869","post","type-post","status-publish","format-standard","has-post-thumbnail","hentry","category-destacadas","category-locales","category-policiales-locales"],"aioseo_notices":[],"gutentor_comment":0,"jetpack_featured_media_url":"https:\/\/eldiariodesanpedro.com.ar\/sitio\/wp-content\/uploads\/2016\/11\/PAGINA-5-UNO.png","jetpack_shortlink":"https:\/\/wp.me\/p6RhLt-2zb","jetpack_sharing_enabled":true,"_links":{"self":[{"href":"https:\/\/eldiariodesanpedro.com.ar\/sitio\/wp-json\/wp\/v2\/posts\/9869","targetHints":{"allow":["GET"]}}],"collection":[{"href":"https:\/\/eldiariodesanpedro.com.ar\/sitio\/wp-json\/wp\/v2\/posts"}],"about":[{"href":"https:\/\/eldiariodesanpedro.com.ar\/sitio\/wp-json\/wp\/v2\/types\/post"}],"author":[{"embeddable":true,"href":"https:\/\/eldiariodesanpedro.com.ar\/sitio\/wp-json\/wp\/v2\/users\/4"}],"replies":[{"embeddable":true,"href":"https:\/\/eldiariodesanpedro.com.ar\/sitio\/wp-json\/wp\/v2\/comments?post=9869"}],"version-history":[{"count":4,"href":"https:\/\/eldiariodesanpedro.com.ar\/sitio\/wp-json\/wp\/v2\/posts\/9869\/revisions"}],"predecessor-version":[{"id":9876,"href":"https:\/\/eldiariodesanpedro.com.ar\/sitio\/wp-json\/wp\/v2\/posts\/9869\/revisions\/9876"}],"wp:featuredmedia":[{"embeddable":true,"href":"https:\/\/eldiariodesanpedro.com.ar\/sitio\/wp-json\/wp\/v2\/media\/9870"}],"wp:attachment":[{"href":"https:\/\/eldiariodesanpedro.com.ar\/sitio\/wp-json\/wp\/v2\/media?parent=9869"}],"wp:term":[{"taxonomy":"category","embeddable":true,"href":"https:\/\/eldiariodesanpedro.com.ar\/sitio\/wp-json\/wp\/v2\/categories?post=9869"},{"taxonomy":"post_tag","embeddable":true,"href":"https:\/\/eldiariodesanpedro.com.ar\/sitio\/wp-json\/wp\/v2\/tags?post=9869"}],"curies":[{"name":"wp","href":"https:\/\/api.w.org\/{rel}","templated":true}]}}