{"id":98670,"date":"2021-09-08T17:31:08","date_gmt":"2021-09-08T20:31:08","guid":{"rendered":"https:\/\/eldiariodesanpedro.com.ar\/sitio\/?p=98670"},"modified":"2021-09-08T17:31:13","modified_gmt":"2021-09-08T20:31:13","slug":"daniel-gollan-vaticino-una-explosion-del-turismo-en-el-verano","status":"publish","type":"post","link":"https:\/\/eldiariodesanpedro.com.ar\/sitio\/daniel-gollan-vaticino-una-explosion-del-turismo-en-el-verano\/","title":{"rendered":"Daniel Gollan vaticin\u00f3 una explosi\u00f3n del turismo en el verano"},"content":{"rendered":"<!-- VideographyWP Plugin Message: Automatic video embedding prevented by plugin options. -->\n\n<p>El precandidato a diputado nacional por el Frente de Todos, Daniel Gollan, tambi\u00e9n habl\u00f3 de las vacunas y los pedidos de los bonaerenses.<\/p>\n\n\n\n<p>Durante el cierre de campa\u00f1a en Mar del Plata, el precandidato a diputado nacional en la provincia de Buenos Aires por el Frente de Todos,\u00a0<strong>Daniel Gollan<\/strong>, dijo esta tarde que durante el verano va a haber una explosi\u00f3n del\u00a0<strong>turismo<\/strong>\u00a0a lo largo de la provincia tras las mejoras por el avance de la\u00a0<strong>vacunaci\u00f3n.<\/strong><\/p>\n\n\n\n<p>\u201cEl verano y el turismo van a poder reparar un poco el da\u00f1o que deja toda pandemia en la sociedad y celebr\u00f3 el avance de la campa\u00f1a de vacunaci\u00f3n contra el coronavirus en la provincia. El plan de vacunaci\u00f3n nos permite estar llegando a la soluci\u00f3n lo que nos preparamos para una temporada extraordinaria\u201d, dijo durante el cierre de campa\u00f1a en Mar del Plata el exministro de salud bonaerense.<\/p>\n\n\n\n<p>Respecto al avance de las vacunas, se\u00f1al\u00f3 que \u00abhay 11 millones de personas mayores de 18 a\u00f1os con primera dosis sobre un universo de 12 millones y hoy llegaremos a 6.500.000 de segundas dosis\u201d y advirti\u00f3 que ello \u00abda una ca\u00edda enorme de la cantidad de contagios\u00bb.<\/p>\n\n\n\n<p>Gollan tambi\u00e9n hizo hincapi\u00e9 en los pedidos de la gente cuando recorre las ciudades y pueblos de Buenos Aires y critic\u00f3 a Juntos por el cambio.<\/p>\n\n\n\n<p>\u201cLa sociedad nos pide por favor no volver a los tarifazos ni a los salarios a la baja como ocurri\u00f3 cuando gobern\u00f3 Cambiemos. No le tenemos miedo a los que nos dicen que nos van a llenar la urna de votos. Nadie quiere ir para atr\u00e1s ni volver a la \u00e9poca de Vidal. Lo que hay que hacer es mirar para adelante y no para atr\u00e1s de esos 4 a\u00f1os nefastos\u201d, afirm\u00f3.<\/p>\n\n\n\n<p>Adem\u00e1s, expuso que los postulantes de Juntos \u00abest\u00e1n para negar derechos y hacer pol\u00edtica con falsas denuncias\u00bb.<\/p>\n\n\n\n<p>Por \u00faltimo, agradeci\u00f3 las muestras de cari\u00f1o que recibe durante su campa\u00f1a.<\/p>\n\n\n\n<p>\u00abCuando recorremos f\u00e1bricas, vacunatorios y barrios, me conmueve el cari\u00f1o de la gente. Emociona la cantidad de gente que nos agradece por cuidarlos, por la vacuna. Yo no creo que tengan que agradecerme nada, pero es algo palpable y concreto\u00bb, cerr\u00f3.<\/p>\n\n\n\n<p>Fuente: <a href=\"https:\/\/infocielo.com\/daniel-gollan\/daniel-gollan-vaticino-una-explosion-del-turismo-el-verano-n719969\">InfoCielo <\/a><\/p>\n\n\n\n<p><a href=\"https:\/\/media.infocielo.com\/p\/36d33b96022fd22f80ec020c5900eda9\/adjuntos\/299\/imagenes\/001\/217\/0001217253\/gollan.jpeg\"><\/a><\/p>\n","protected":false},"excerpt":{"rendered":"<p>El precandidato a diputado nacional por el Frente de Todos, Daniel Gollan, tambi\u00e9n habl\u00f3 de las vacunas y los pedidos de los bonaerenses. Durante el cierre de campa\u00f1a en Mar del Plata, el precandidato a diputado nacional en la provincia de Buenos Aires por el Frente de Todos,\u00a0Daniel Gollan, dijo esta tarde que durante el [&hellip;]<\/p>\n","protected":false},"author":4,"featured_media":98671,"comment_status":"closed","ping_status":"closed","sticky":false,"template":"","format":"standard","meta":{"om_disable_all_campaigns":false,"_jetpack_memberships_contains_paid_content":false,"footnotes":""},"categories":[621],"tags":[],"class_list":["post-98670","post","type-post","status-publish","format-standard","has-post-thumbnail","hentry","category-regionales"],"aioseo_notices":[],"gutentor_comment":0,"jetpack_featured_media_url":"https:\/\/eldiariodesanpedro.com.ar\/sitio\/wp-content\/uploads\/2021\/09\/gollan.jpeg","jetpack_shortlink":"https:\/\/wp.me\/p6RhLt-pFs","jetpack_sharing_enabled":true,"_links":{"self":[{"href":"https:\/\/eldiariodesanpedro.com.ar\/sitio\/wp-json\/wp\/v2\/posts\/98670","targetHints":{"allow":["GET"]}}],"collection":[{"href":"https:\/\/eldiariodesanpedro.com.ar\/sitio\/wp-json\/wp\/v2\/posts"}],"about":[{"href":"https:\/\/eldiariodesanpedro.com.ar\/sitio\/wp-json\/wp\/v2\/types\/post"}],"author":[{"embeddable":true,"href":"https:\/\/eldiariodesanpedro.com.ar\/sitio\/wp-json\/wp\/v2\/users\/4"}],"replies":[{"embeddable":true,"href":"https:\/\/eldiariodesanpedro.com.ar\/sitio\/wp-json\/wp\/v2\/comments?post=98670"}],"version-history":[{"count":1,"href":"https:\/\/eldiariodesanpedro.com.ar\/sitio\/wp-json\/wp\/v2\/posts\/98670\/revisions"}],"predecessor-version":[{"id":98672,"href":"https:\/\/eldiariodesanpedro.com.ar\/sitio\/wp-json\/wp\/v2\/posts\/98670\/revisions\/98672"}],"wp:featuredmedia":[{"embeddable":true,"href":"https:\/\/eldiariodesanpedro.com.ar\/sitio\/wp-json\/wp\/v2\/media\/98671"}],"wp:attachment":[{"href":"https:\/\/eldiariodesanpedro.com.ar\/sitio\/wp-json\/wp\/v2\/media?parent=98670"}],"wp:term":[{"taxonomy":"category","embeddable":true,"href":"https:\/\/eldiariodesanpedro.com.ar\/sitio\/wp-json\/wp\/v2\/categories?post=98670"},{"taxonomy":"post_tag","embeddable":true,"href":"https:\/\/eldiariodesanpedro.com.ar\/sitio\/wp-json\/wp\/v2\/tags?post=98670"}],"curies":[{"name":"wp","href":"https:\/\/api.w.org\/{rel}","templated":true}]}}