{"id":98660,"date":"2021-09-08T10:34:19","date_gmt":"2021-09-08T13:34:19","guid":{"rendered":"https:\/\/eldiariodesanpedro.com.ar\/sitio\/?p=98660"},"modified":"2021-09-08T10:34:23","modified_gmt":"2021-09-08T13:34:23","slug":"vacunacion-en-provincia-el-55-de-los-mayores-de-18-ya-tiene-el-esquema-completo","status":"publish","type":"post","link":"https:\/\/eldiariodesanpedro.com.ar\/sitio\/vacunacion-en-provincia-el-55-de-los-mayores-de-18-ya-tiene-el-esquema-completo\/","title":{"rendered":"Vacunaci\u00f3n: en Provincia, el 55% de los mayores de 18 ya tiene el esquema completo"},"content":{"rendered":"<!-- VideographyWP Plugin Message: Automatic video embedding prevented by plugin options. -->\n\n<p>La meta para septiembre es llegar al 70 por ciento. Un mill\u00f3n de bonaerenses a\u00fan no se anotaron en el plan de vacunaci\u00f3n contra el coronavirus.<\/p>\n\n\n\n<p>El Gobierno provincial afirm\u00f3 que el 55% de los mayores de 18 ya tiene el esquema completo de vacunaci\u00f3n contra el coronavirus, a la vez que se espera llegar al 70% durante el mes de septiembre.<\/p>\n\n\n\n<p>En esta l\u00ednea, la subsecretaria de Gesti\u00f3n de la Informaci\u00f3n del ministerio de Salud de la provincia de Buenos Aires, Leticia Ceriani, se\u00f1al\u00f3 en declaraciones a El Destape Radio que \u201cya tenemos a todos los menores con comorbilidades de 12 a 17 a\u00f1os que se anotaron con segundas dosis\u201d.<\/p>\n\n\n\n<p>En ese contexto, asegur\u00f3 que \u201cla segunda dosis es el objetivo, pero sin descuidar la vacunaci\u00f3n de primeras dosis\u201d, y subray\u00f3 que, pese a que faltan registrarse aproximadamente un mill\u00f3n de bonaerenses para recibir su vacuna, \u201ctodos los d\u00edas siguen anot\u00e1ndose personas\u201d.<\/p>\n\n\n\n<p>Asimismo, cont\u00f3 que existe una pol\u00edtica de b\u00fasqueda activa de vecinos \u201cbuscar casa por casa\u201d y grafic\u00f3: \u201cLos que no se vacunaron pasa por dificultades propias pero cuando les llevamos la vacuna nadie lo duda\u201d.<\/p>\n\n\n\n<p>Adem\u00e1s, se refiri\u00f3 a la baja en los contagios y destac\u00f3 que los n\u00fameros llevan \u201calivio\u201d y permiten \u201cser m\u00e1s optimistas\u201d en un marco de 15 semanas \u201cde baja sostenida de casos\u201d mientras se avanza \u201cmuy r\u00e1pido con la campa\u00f1a de vacunaci\u00f3n\u201d.<\/p>\n\n\n\n<p>La funcionaria focaliz\u00f3 que \u201cen agosto completamos los esquemas de vacunaci\u00f3n de casi 3 millones de personas\u201d y destac\u00f3 que \u201cla preocupaci\u00f3n ahora es la variante Delta, que a\u00fan no sabemos c\u00f3mo va a ser\u201d.<\/p>\n\n\n\n<p>\u201cLa variante Delta a\u00fan no es predominante, lo que nos pone en otra situaci\u00f3n que en otros pa\u00edses\u201d, resalt\u00f3 Ceriani e indic\u00f3 que \u201chicimos un trabajo muy fuerte para retrasar la circulaci\u00f3n de la variante Delta y fue efectivo\u201d.<\/p>\n","protected":false},"excerpt":{"rendered":"<p>La meta para septiembre es llegar al 70 por ciento. Un mill\u00f3n de bonaerenses a\u00fan no se anotaron en el plan de vacunaci\u00f3n contra el coronavirus. El Gobierno provincial afirm\u00f3 que el 55% de los mayores de 18 ya tiene el esquema completo de vacunaci\u00f3n contra el coronavirus, a la vez que se espera llegar [&hellip;]<\/p>\n","protected":false},"author":4,"featured_media":89714,"comment_status":"closed","ping_status":"closed","sticky":false,"template":"","format":"standard","meta":{"om_disable_all_campaigns":false,"_jetpack_memberships_contains_paid_content":false,"footnotes":""},"categories":[621],"tags":[],"class_list":["post-98660","post","type-post","status-publish","format-standard","has-post-thumbnail","hentry","category-regionales"],"aioseo_notices":[],"gutentor_comment":0,"jetpack_featured_media_url":"https:\/\/eldiariodesanpedro.com.ar\/sitio\/wp-content\/uploads\/2021\/03\/000090625.jpg","jetpack_shortlink":"https:\/\/wp.me\/p6RhLt-pFi","jetpack_sharing_enabled":true,"_links":{"self":[{"href":"https:\/\/eldiariodesanpedro.com.ar\/sitio\/wp-json\/wp\/v2\/posts\/98660","targetHints":{"allow":["GET"]}}],"collection":[{"href":"https:\/\/eldiariodesanpedro.com.ar\/sitio\/wp-json\/wp\/v2\/posts"}],"about":[{"href":"https:\/\/eldiariodesanpedro.com.ar\/sitio\/wp-json\/wp\/v2\/types\/post"}],"author":[{"embeddable":true,"href":"https:\/\/eldiariodesanpedro.com.ar\/sitio\/wp-json\/wp\/v2\/users\/4"}],"replies":[{"embeddable":true,"href":"https:\/\/eldiariodesanpedro.com.ar\/sitio\/wp-json\/wp\/v2\/comments?post=98660"}],"version-history":[{"count":1,"href":"https:\/\/eldiariodesanpedro.com.ar\/sitio\/wp-json\/wp\/v2\/posts\/98660\/revisions"}],"predecessor-version":[{"id":98662,"href":"https:\/\/eldiariodesanpedro.com.ar\/sitio\/wp-json\/wp\/v2\/posts\/98660\/revisions\/98662"}],"wp:featuredmedia":[{"embeddable":true,"href":"https:\/\/eldiariodesanpedro.com.ar\/sitio\/wp-json\/wp\/v2\/media\/89714"}],"wp:attachment":[{"href":"https:\/\/eldiariodesanpedro.com.ar\/sitio\/wp-json\/wp\/v2\/media?parent=98660"}],"wp:term":[{"taxonomy":"category","embeddable":true,"href":"https:\/\/eldiariodesanpedro.com.ar\/sitio\/wp-json\/wp\/v2\/categories?post=98660"},{"taxonomy":"post_tag","embeddable":true,"href":"https:\/\/eldiariodesanpedro.com.ar\/sitio\/wp-json\/wp\/v2\/tags?post=98660"}],"curies":[{"name":"wp","href":"https:\/\/api.w.org\/{rel}","templated":true}]}}