{"id":9866,"date":"2016-11-07T18:54:29","date_gmt":"2016-11-07T21:54:29","guid":{"rendered":"https:\/\/eldiariodesanpedro.com.ar\/sitio\/?p=9866"},"modified":"2016-11-07T21:02:40","modified_gmt":"2016-11-08T00:02:40","slug":"zika-un-experimento-con-ratones-logra-hacer-un-escudo-que-protege-al-feto","status":"publish","type":"post","link":"https:\/\/eldiariodesanpedro.com.ar\/sitio\/zika-un-experimento-con-ratones-logra-hacer-un-escudo-que-protege-al-feto\/","title":{"rendered":"ZIKA:  Un experimento con ratones logra hacer un escudo que protege al feto"},"content":{"rendered":"<p><!-- VideographyWP Plugin Message: Automatic video embedding prevented by plugin options. --><br \/>\n(NA) &#8211; Un grupo de investigadores logr\u00f3 que un anticuerpo recolectado de personas que sobrevivieron al zika protegiera a los fetos de ratonas pre\u00f1adas, un anuncio hecho este lunes que resucit\u00f3 las esperanzas de encontrar un tratamiento contra la enfermedad.<\/p>\n<p>En el laboratorio, el anticuerpo neutraliz\u00f3 todas las cepas conocidas de zika y redujo \u00abvisiblemente\u00bb los niveles del virus en los roedores infectados y en sus fetos.<\/p>\n<p>\u00abEste es el primer antiviral que se ha demostrado que funciona en el embarazo para proteger a fetos en gestaci\u00f3n\u00bb, dijo el acad\u00e9mico de la Escuela de Medicina de la Universidad de Washington, Michael Diamond, uno de los coautores del estudio.<\/p>\n<p>\u00abEsto es una prueba del principio de que el virus es tratable durante el embarazo y ya tenemos un anticuerpo humano que lo trata, al menos en un rat\u00f3n\u00bb, destac\u00f3 el cient\u00edfico.<\/p>\n<p>El virus del Zika es considerado por la OMS como una emergencia de salud p\u00fablica mundial. Se transmite por la picadura del mosquito Aedes aegypti y en menor medida por v\u00eda sexual.<\/p>\n<p>Si una mujer embarazada est\u00e1 infectada con zika tiene un mayor riesgo de dar a luz a un ni\u00f1o con malformaci\u00f3n de cerebro, conocido como microcefalia.<\/p>\n<p>Seg\u00fan la OMS, desde 2015 en todo el mundo han nacido 2.300 ni\u00f1os con malformaciones como microcefalia y otras patolog\u00edas relacionadas con el Zika, la mayor\u00eda de ellos en Brasil.<\/p>\n<p>Desde entonces, no se ha encontrado una cura o una vacuna que proteja a la poblaci\u00f3n.<br \/>\nPara su trabajo, Diamond y su equipo obtuvieron muestras de anticuerpos de personas que sobrevivieron a la enfermedad.<\/p>\n<p>Los anticuerpos, que son la primera barrera de defensa humana, son prote\u00ednas con la forma de una Y, y son efectivos a la presencia de determinados pat\u00f3genos, conocidos como sus ant\u00edgenos.<\/p>\n<p>Al detectar un ant\u00edgeno, los anticuerpos reaccionan como una tropa de soldados rasos que los eliminan o los inmovilizan para que sean suprimidos por otros agentes que forman el contingente del sistema inmune.<br \/>\nEn el estudio publicado por la revista Nature, los investigadores destacaron la acci\u00f3n de un anticuerpo bautizado como ZIKV-117.<\/p>\n<p>Esta prote\u00edna tan especial s\u00f3lo fue encontrada en una persona.<\/p>\n<p>Los investigadores le dieron el anticuerpo ZIKV-117 a ratonas pre\u00f1adas y los resultados de la investigaci\u00f3n mostraron que el virus del Zika no logr\u00f3 alterar la placenta.<\/p>\n<p>\u00abCasi todos los fetos quedaron protegidos contra la infecci\u00f3n y la enfermedad\u00bb, explic\u00f3 Diamond a la AFP.<br \/>\nPero en la lucha contra el zika, estos resultados son muy preliminares, ya que pese a la efectividad de estos anticuerpos en los ratones, una barrera de este tipo que proteja a un feto humano tiene que ser mucho m\u00e1s robusta.<\/p>\n<p>Entonces, el experimento debe ser conducido en monos, cuyo proceso de embarazo, es similar al de los humanos.<\/p>\n","protected":false},"excerpt":{"rendered":"<p>(NA) &#8211; Un grupo de investigadores logr\u00f3 que un anticuerpo recolectado de personas que sobrevivieron al zika protegiera a los fetos de ratonas pre\u00f1adas, un anuncio hecho este lunes que resucit\u00f3 las esperanzas de encontrar un tratamiento contra la enfermedad. En el laboratorio, el anticuerpo neutraliz\u00f3 todas las cepas conocidas de zika y redujo \u00abvisiblemente\u00bb [&hellip;]<\/p>\n","protected":false},"author":4,"featured_media":9867,"comment_status":"open","ping_status":"closed","sticky":false,"template":"","format":"standard","meta":{"om_disable_all_campaigns":false,"_jetpack_memberships_contains_paid_content":false,"footnotes":""},"categories":[2],"tags":[],"class_list":["post-9866","post","type-post","status-publish","format-standard","has-post-thumbnail","hentry","category-locales"],"aioseo_notices":[],"gutentor_comment":0,"jetpack_featured_media_url":"https:\/\/eldiariodesanpedro.com.ar\/sitio\/wp-content\/uploads\/2016\/11\/Zika.jpg","jetpack_shortlink":"https:\/\/wp.me\/p6RhLt-2z8","jetpack_sharing_enabled":true,"_links":{"self":[{"href":"https:\/\/eldiariodesanpedro.com.ar\/sitio\/wp-json\/wp\/v2\/posts\/9866","targetHints":{"allow":["GET"]}}],"collection":[{"href":"https:\/\/eldiariodesanpedro.com.ar\/sitio\/wp-json\/wp\/v2\/posts"}],"about":[{"href":"https:\/\/eldiariodesanpedro.com.ar\/sitio\/wp-json\/wp\/v2\/types\/post"}],"author":[{"embeddable":true,"href":"https:\/\/eldiariodesanpedro.com.ar\/sitio\/wp-json\/wp\/v2\/users\/4"}],"replies":[{"embeddable":true,"href":"https:\/\/eldiariodesanpedro.com.ar\/sitio\/wp-json\/wp\/v2\/comments?post=9866"}],"version-history":[{"count":1,"href":"https:\/\/eldiariodesanpedro.com.ar\/sitio\/wp-json\/wp\/v2\/posts\/9866\/revisions"}],"predecessor-version":[{"id":9868,"href":"https:\/\/eldiariodesanpedro.com.ar\/sitio\/wp-json\/wp\/v2\/posts\/9866\/revisions\/9868"}],"wp:featuredmedia":[{"embeddable":true,"href":"https:\/\/eldiariodesanpedro.com.ar\/sitio\/wp-json\/wp\/v2\/media\/9867"}],"wp:attachment":[{"href":"https:\/\/eldiariodesanpedro.com.ar\/sitio\/wp-json\/wp\/v2\/media?parent=9866"}],"wp:term":[{"taxonomy":"category","embeddable":true,"href":"https:\/\/eldiariodesanpedro.com.ar\/sitio\/wp-json\/wp\/v2\/categories?post=9866"},{"taxonomy":"post_tag","embeddable":true,"href":"https:\/\/eldiariodesanpedro.com.ar\/sitio\/wp-json\/wp\/v2\/tags?post=9866"}],"curies":[{"name":"wp","href":"https:\/\/api.w.org\/{rel}","templated":true}]}}