{"id":98656,"date":"2021-09-08T09:51:58","date_gmt":"2021-09-08T12:51:58","guid":{"rendered":"https:\/\/eldiariodesanpedro.com.ar\/sitio\/?p=98656"},"modified":"2021-09-08T09:52:26","modified_gmt":"2021-09-08T12:52:26","slug":"atencion-hay-alerta-naranja-por-lluvias-intensas-y-vientos","status":"publish","type":"post","link":"https:\/\/eldiariodesanpedro.com.ar\/sitio\/atencion-hay-alerta-naranja-por-lluvias-intensas-y-vientos\/","title":{"rendered":"Atenci\u00f3n: hay alerta naranja por lluvias intensas y vientos"},"content":{"rendered":"<!-- VideographyWP Plugin Message: Automatic video embedding prevented by plugin options. -->\n\n<p>El SMN renov\u00f3 el alerta meteorol\u00f3gico y subi\u00f3 el grado de atenci\u00f3n de riesgo para una parte de la Provincia. Mir\u00e1 qu\u00e9 zonas siguen en amarillo.<\/p>\n\n\n\n<p>La jornada del mi\u00e9rcoles 8 de septiembre comenz\u00f3 con nuevas advertencias del\u00a0<strong>Servicio Meteorol\u00f3gico Nacional (SMN)\u00a0<\/strong>por mal tiempo en la provincia de Buenos Aires. Desde la madrugada de hoy rige en todo el territorio bonaerense un\u00a0<strong>alerta<\/strong>\u00a0meteorol\u00f3gico por lluvias, y vientos fuerte que alcanzan los niveles naranja o amarillo seg\u00fan la zona y afectan, respectivamente, todos los puntos del mapa provincial.<\/p>\n\n\n\n<p>El \u00e1rea ser\u00e1 afectada por lluvias, algunas fuertes. Se prev\u00e9n valores de precipitaci\u00f3n acumulada entre 30 y 60 mm, pudiendo ser superados localmente.<\/p>\n\n\n\n<p>La regi\u00f3n permanecer\u00e1 hasta la tarde del jueves con estas condiciones meteorol\u00f3gicas adversas: el\u00a0pron\u00f3stico\u00a0anuncia lluvias constantes y algunas tormentas.<\/p>\n\n\n\n<p>El alerta por lluvias y tormentas fuertes tambi\u00e9n afecta al norte de la Provincia, aunque la regi\u00f3n no se ver\u00e1 afectada por vientos fuertes, seg\u00fan indica el SMN. El pron\u00f3stico anuncia que el mal tiempo continuar\u00e1 hasta el jueves a la tarde, con lluvias y tormentas de variada intensidad.<\/p>\n\n\n\n<p>La regi\u00f3n sur de la Provincia tambi\u00e9n se encuentra este mi\u00e9rcoles en alerta meteorol\u00f3gico amarillo por lluvias tormentas.<\/p>\n\n\n\n<p>Estas condiciones meteorol\u00f3gicas permanecer\u00e1n hasta el jueves por la tarde, con lluvias y tormentas de variada intensidad, seg\u00fan advierte el pron\u00f3stico del SMN.<\/p>\n\n\n\n<h2 class=\"wp-block-heading\">En qu\u00e9 zonas hay alerta naranja<\/h2>\n\n\n\n<p>El alerta naranja, por su parte rige para toda la costa este y el centro-este de la Provincia. Seg\u00fan indica el SMN, el \u00e1rea continuar\u00e1 siendo afectada por lluvias de intensidad moderada a fuerte. Se prev\u00e9n valores de precipitaci\u00f3n acumulada entre 60 y 80 mm, los cuales podr\u00edan ser superados localmente.<\/p>\n\n\n\n<p><a href=\"https:\/\/media.infocielo.com\/p\/7237973b8eafb9e1365ff91843334547\/adjuntos\/299\/imagenes\/000\/834\/0000834447\/lluvia-paraguas-tormenta-clima-tiempojpeg.jpeg\"><\/a><\/p>\n","protected":false},"excerpt":{"rendered":"<p>El SMN renov\u00f3 el alerta meteorol\u00f3gico y subi\u00f3 el grado de atenci\u00f3n de riesgo para una parte de la Provincia. Mir\u00e1 qu\u00e9 zonas siguen en amarillo. La jornada del mi\u00e9rcoles 8 de septiembre comenz\u00f3 con nuevas advertencias del\u00a0Servicio Meteorol\u00f3gico Nacional (SMN)\u00a0por mal tiempo en la provincia de Buenos Aires. Desde la madrugada de hoy rige [&hellip;]<\/p>\n","protected":false},"author":4,"featured_media":98657,"comment_status":"closed","ping_status":"closed","sticky":false,"template":"","format":"standard","meta":{"om_disable_all_campaigns":false,"_jetpack_memberships_contains_paid_content":false,"footnotes":""},"categories":[50,101,2],"tags":[2348,197,696,33,19,2347],"class_list":["post-98656","post","type-post","status-publish","format-standard","has-post-thumbnail","hentry","category-destacadas","category-interes-general-locales","category-locales","tag-alerta-meteorologica","tag-buenos-aires","tag-interes-general","tag-locales","tag-san-pedro","tag-tiempo"],"aioseo_notices":[],"gutentor_comment":0,"jetpack_featured_media_url":"https:\/\/eldiariodesanpedro.com.ar\/sitio\/wp-content\/uploads\/2021\/09\/tiempo.jpg","jetpack_shortlink":"https:\/\/wp.me\/p6RhLt-pFe","jetpack_sharing_enabled":true,"_links":{"self":[{"href":"https:\/\/eldiariodesanpedro.com.ar\/sitio\/wp-json\/wp\/v2\/posts\/98656","targetHints":{"allow":["GET"]}}],"collection":[{"href":"https:\/\/eldiariodesanpedro.com.ar\/sitio\/wp-json\/wp\/v2\/posts"}],"about":[{"href":"https:\/\/eldiariodesanpedro.com.ar\/sitio\/wp-json\/wp\/v2\/types\/post"}],"author":[{"embeddable":true,"href":"https:\/\/eldiariodesanpedro.com.ar\/sitio\/wp-json\/wp\/v2\/users\/4"}],"replies":[{"embeddable":true,"href":"https:\/\/eldiariodesanpedro.com.ar\/sitio\/wp-json\/wp\/v2\/comments?post=98656"}],"version-history":[{"count":2,"href":"https:\/\/eldiariodesanpedro.com.ar\/sitio\/wp-json\/wp\/v2\/posts\/98656\/revisions"}],"predecessor-version":[{"id":98659,"href":"https:\/\/eldiariodesanpedro.com.ar\/sitio\/wp-json\/wp\/v2\/posts\/98656\/revisions\/98659"}],"wp:featuredmedia":[{"embeddable":true,"href":"https:\/\/eldiariodesanpedro.com.ar\/sitio\/wp-json\/wp\/v2\/media\/98657"}],"wp:attachment":[{"href":"https:\/\/eldiariodesanpedro.com.ar\/sitio\/wp-json\/wp\/v2\/media?parent=98656"}],"wp:term":[{"taxonomy":"category","embeddable":true,"href":"https:\/\/eldiariodesanpedro.com.ar\/sitio\/wp-json\/wp\/v2\/categories?post=98656"},{"taxonomy":"post_tag","embeddable":true,"href":"https:\/\/eldiariodesanpedro.com.ar\/sitio\/wp-json\/wp\/v2\/tags?post=98656"}],"curies":[{"name":"wp","href":"https:\/\/api.w.org\/{rel}","templated":true}]}}