{"id":98654,"date":"2021-09-08T09:41:59","date_gmt":"2021-09-08T12:41:59","guid":{"rendered":"https:\/\/eldiariodesanpedro.com.ar\/sitio\/?p=98654"},"modified":"2021-09-08T09:42:01","modified_gmt":"2021-09-08T12:42:01","slug":"cronograma-de-anses-para-este-miercoles-3","status":"publish","type":"post","link":"https:\/\/eldiariodesanpedro.com.ar\/sitio\/cronograma-de-anses-para-este-miercoles-3\/","title":{"rendered":"Cronograma de Anses para este mi\u00e9rcoles"},"content":{"rendered":"<!-- VideographyWP Plugin Message: Automatic video embedding prevented by plugin options. -->\n\n<p><strong>El organismo, a cargo de la Lic. Fernanda Raverta, informa que hoy se abonan jubilaciones, pensiones, Asignaci\u00f3n Universal por Hijo, Asignaciones Familiares y los programas Hogar, Alimentario PAMI y Repro II.<\/strong><\/p>\n\n\n\n<p><strong>Jubilaciones&nbsp;y&nbsp;pensiones&nbsp;<\/strong><\/p>\n\n\n\n<p>Las sucursales bancarias habilitadas atender\u00e1n por ventanilla a jubilados, jubiladas, pensionados y pensionadas con documentos terminados en&nbsp;<strong>0&nbsp;<\/strong>cuyos<strong>&nbsp;haberes NO SUPEREN la suma de 29.135 pesos<\/strong>.<\/p>\n\n\n\n<p><strong>Asignaci\u00f3n Universal por Hijo y Asignaci\u00f3n Familiar por Hijo<\/strong><\/p>\n\n\n\n<p>Con la utilizaci\u00f3n de la tarjeta de d\u00e9bito,&nbsp;<strong>hoy<\/strong>&nbsp;perciben la Asignaci\u00f3n Universal por Hijo y la Asignaci\u00f3n Familiar por Hijo titulares con documentos concluidos en&nbsp;<strong>0<\/strong>.<\/p>\n\n\n\n<p><strong>Asignaciones Familiares de Pensiones No Contributivas (PNC)<\/strong><\/p>\n\n\n\n<p>Desde&nbsp;<strong>hoy<\/strong>&nbsp;y hasta el 12 de octubre, se pagan las Asignaciones Familiares de Pensiones No Contributivas (PNC) para todas las finalizaciones de documento.<\/p>\n\n\n\n<p><strong>Programa Hogar<\/strong><\/p>\n\n\n\n<p>La ANSES y la Secretar\u00eda de Energ\u00eda impulsan en conjunto el Programa Hogar, mediante el cual se otorga un subsidio para la compra de garrafas en viviendas que no est\u00e1n conectadas a la red de gas natural. Hoy cobran este beneficio las personas con documentos concluidos en&nbsp;<strong>0<\/strong>.<\/p>\n\n\n\n<p><strong>Programa Alimentario PAMI<\/strong><\/p>\n\n\n\n<p>En el marco del Programa Alimentario PAMI, la ANSES abona hoy el pago extraordinario equivalente al monto del bols\u00f3n de alimentos para&nbsp;jubilados, jubiladas, pensionados y pensionadas con documentos terminados en&nbsp;<strong>0&nbsp;<\/strong>cuyos<strong>&nbsp;haberes NO SUPEREN la suma de 29.135 pesos<\/strong>. Para m\u00e1s informaci\u00f3n se puede ingresar&nbsp;<a href=\"http:\/\/www.pami.org.ar\/programa-alimentario\" target=\"_blank\" rel=\"noreferrer noopener\">www.pami.org.ar\/programa-alimentario<\/a>.<\/p>\n\n\n\n<p><strong>Programa Repro II<\/strong><\/p>\n\n\n\n<p><strong>Hoy se abona el pago a las y los beneficiarios del Programa de Recuperaci\u00f3n Productiva II (REPRO II) de la AFIP<\/strong>, para dar alivio econ\u00f3mico a las compa\u00f1\u00edas y al personal afectado por la ca\u00edda de la actividad debido al Covid-19.<\/p>\n","protected":false},"excerpt":{"rendered":"<p>El organismo, a cargo de la Lic. Fernanda Raverta, informa que hoy se abonan jubilaciones, pensiones, Asignaci\u00f3n Universal por Hijo, Asignaciones Familiares y los programas Hogar, Alimentario PAMI y Repro II. Jubilaciones&nbsp;y&nbsp;pensiones&nbsp; Las sucursales bancarias habilitadas atender\u00e1n por ventanilla a jubilados, jubiladas, pensionados y pensionadas con documentos terminados en&nbsp;0&nbsp;cuyos&nbsp;haberes NO SUPEREN la suma de 29.135 [&hellip;]<\/p>\n","protected":false},"author":4,"featured_media":74872,"comment_status":"closed","ping_status":"closed","sticky":false,"template":"","format":"standard","meta":{"om_disable_all_campaigns":false,"_jetpack_memberships_contains_paid_content":false,"footnotes":""},"categories":[50,101,2],"tags":[2346],"class_list":["post-98654","post","type-post","status-publish","format-standard","has-post-thumbnail","hentry","category-destacadas","category-interes-general-locales","category-locales","tag-cronograma-de-anses-para-este-miercoles"],"aioseo_notices":[],"gutentor_comment":0,"jetpack_featured_media_url":"https:\/\/eldiariodesanpedro.com.ar\/sitio\/wp-content\/uploads\/2020\/06\/SM-anses-07052020.jpeg","jetpack_shortlink":"https:\/\/wp.me\/p6RhLt-pFc","jetpack_sharing_enabled":true,"_links":{"self":[{"href":"https:\/\/eldiariodesanpedro.com.ar\/sitio\/wp-json\/wp\/v2\/posts\/98654","targetHints":{"allow":["GET"]}}],"collection":[{"href":"https:\/\/eldiariodesanpedro.com.ar\/sitio\/wp-json\/wp\/v2\/posts"}],"about":[{"href":"https:\/\/eldiariodesanpedro.com.ar\/sitio\/wp-json\/wp\/v2\/types\/post"}],"author":[{"embeddable":true,"href":"https:\/\/eldiariodesanpedro.com.ar\/sitio\/wp-json\/wp\/v2\/users\/4"}],"replies":[{"embeddable":true,"href":"https:\/\/eldiariodesanpedro.com.ar\/sitio\/wp-json\/wp\/v2\/comments?post=98654"}],"version-history":[{"count":1,"href":"https:\/\/eldiariodesanpedro.com.ar\/sitio\/wp-json\/wp\/v2\/posts\/98654\/revisions"}],"predecessor-version":[{"id":98655,"href":"https:\/\/eldiariodesanpedro.com.ar\/sitio\/wp-json\/wp\/v2\/posts\/98654\/revisions\/98655"}],"wp:featuredmedia":[{"embeddable":true,"href":"https:\/\/eldiariodesanpedro.com.ar\/sitio\/wp-json\/wp\/v2\/media\/74872"}],"wp:attachment":[{"href":"https:\/\/eldiariodesanpedro.com.ar\/sitio\/wp-json\/wp\/v2\/media?parent=98654"}],"wp:term":[{"taxonomy":"category","embeddable":true,"href":"https:\/\/eldiariodesanpedro.com.ar\/sitio\/wp-json\/wp\/v2\/categories?post=98654"},{"taxonomy":"post_tag","embeddable":true,"href":"https:\/\/eldiariodesanpedro.com.ar\/sitio\/wp-json\/wp\/v2\/tags?post=98654"}],"curies":[{"name":"wp","href":"https:\/\/api.w.org\/{rel}","templated":true}]}}