{"id":98650,"date":"2021-09-08T09:31:11","date_gmt":"2021-09-08T12:31:11","guid":{"rendered":"https:\/\/eldiariodesanpedro.com.ar\/sitio\/?p=98650"},"modified":"2021-09-08T09:31:15","modified_gmt":"2021-09-08T12:31:15","slug":"proceso-de-participacion-ciudadana-actividad-extraccion-de-arena-km-272-a-2765-de-la-margen-izquierda-del-rio-parana-2","status":"publish","type":"post","link":"https:\/\/eldiariodesanpedro.com.ar\/sitio\/proceso-de-participacion-ciudadana-actividad-extraccion-de-arena-km-272-a-2765-de-la-margen-izquierda-del-rio-parana-2\/","title":{"rendered":"Proceso de participaci\u00f3n ciudadana actividad \u00abExtracci\u00f3n de arena km. 272 a 276,5 de la margen izquierda del R\u00edo Paran\u00e1\u00bb"},"content":{"rendered":"<!-- VideographyWP Plugin Message: Automatic video embedding prevented by plugin options. -->\n\n<p><strong>Proceso de participaci\u00f3n ciudadana actividad \u00abExtracci\u00f3n de arena km. 272 a 276,5 de la margen izquierda del R\u00edo Paran\u00e1 &#8211; Federico Carlos Alzoragay\u201d.<\/strong><\/p>\n\n\n\n<p><strong>Por medio de la presente se informa a la comunidad que se encuentra disponible la informaci\u00f3n ambiental de la mencionada actividad en la p\u00e1gina web de la Secretar\u00eda de Ambiente de la Provincia de Entre R\u00edos, banner Informaci\u00f3n para la Comunidad, archivo Expte. 2445766 Extracci\u00f3n de arena Federico Alsogaray (&nbsp;<a rel=\"noreferrer noopener\" href=\"http:\/\/entrerios.gov.ar\/ambiente\/index.php?codigo=162&amp;codppal=95\" target=\"_blank\">entrerios.gov.ar\/ambiente\/index.php?codigo=162&amp;codppal=95<\/a>&nbsp;) a los efectos de que los ciudadanos interesados accedan a la misma con la posibilidad de efectuar cualquier tipo de intervenci\u00f3n al respecto hasta el d\u00eda 16\/09\/2021, inclusive, las que deber\u00e1n ser remitidas al correo electr\u00f3nico&nbsp;<a rel=\"noreferrer noopener\" href=\"mailto:secretariadeambiente@entrerios.gov.ar\" target=\"_blank\">secretariadeambiente@entrerios.gov.ar<\/a>&nbsp;<\/strong><\/p>\n","protected":false},"excerpt":{"rendered":"<p>Proceso de participaci\u00f3n ciudadana actividad \u00abExtracci\u00f3n de arena km. 272 a 276,5 de la margen izquierda del R\u00edo Paran\u00e1 &#8211; Federico Carlos Alzoragay\u201d. Por medio de la presente se informa a la comunidad que se encuentra disponible la informaci\u00f3n ambiental de la mencionada actividad en la p\u00e1gina web de la Secretar\u00eda de Ambiente de la [&hellip;]<\/p>\n","protected":false},"author":4,"featured_media":98603,"comment_status":"closed","ping_status":"closed","sticky":false,"template":"","format":"standard","meta":{"om_disable_all_campaigns":false,"_jetpack_memberships_contains_paid_content":false,"footnotes":""},"categories":[676,1124],"tags":[2344,197,2343,696,33,19],"class_list":["post-98650","post","type-post","status-publish","format-standard","has-post-thumbnail","hentry","category-edictos","category-edictos-especiales","tag-5-de-la-margen-izquierda-del-rio-parana","tag-buenos-aires","tag-extraccion-de-arena-km-272-a-276","tag-interes-general","tag-locales","tag-san-pedro"],"aioseo_notices":[],"gutentor_comment":0,"jetpack_featured_media_url":"https:\/\/eldiariodesanpedro.com.ar\/sitio\/wp-content\/uploads\/2021\/09\/22__8092718__17-09-2016__300x1030jpg.jpg","jetpack_shortlink":"https:\/\/wp.me\/p6RhLt-pF8","jetpack_sharing_enabled":true,"_links":{"self":[{"href":"https:\/\/eldiariodesanpedro.com.ar\/sitio\/wp-json\/wp\/v2\/posts\/98650","targetHints":{"allow":["GET"]}}],"collection":[{"href":"https:\/\/eldiariodesanpedro.com.ar\/sitio\/wp-json\/wp\/v2\/posts"}],"about":[{"href":"https:\/\/eldiariodesanpedro.com.ar\/sitio\/wp-json\/wp\/v2\/types\/post"}],"author":[{"embeddable":true,"href":"https:\/\/eldiariodesanpedro.com.ar\/sitio\/wp-json\/wp\/v2\/users\/4"}],"replies":[{"embeddable":true,"href":"https:\/\/eldiariodesanpedro.com.ar\/sitio\/wp-json\/wp\/v2\/comments?post=98650"}],"version-history":[{"count":1,"href":"https:\/\/eldiariodesanpedro.com.ar\/sitio\/wp-json\/wp\/v2\/posts\/98650\/revisions"}],"predecessor-version":[{"id":98651,"href":"https:\/\/eldiariodesanpedro.com.ar\/sitio\/wp-json\/wp\/v2\/posts\/98650\/revisions\/98651"}],"wp:featuredmedia":[{"embeddable":true,"href":"https:\/\/eldiariodesanpedro.com.ar\/sitio\/wp-json\/wp\/v2\/media\/98603"}],"wp:attachment":[{"href":"https:\/\/eldiariodesanpedro.com.ar\/sitio\/wp-json\/wp\/v2\/media?parent=98650"}],"wp:term":[{"taxonomy":"category","embeddable":true,"href":"https:\/\/eldiariodesanpedro.com.ar\/sitio\/wp-json\/wp\/v2\/categories?post=98650"},{"taxonomy":"post_tag","embeddable":true,"href":"https:\/\/eldiariodesanpedro.com.ar\/sitio\/wp-json\/wp\/v2\/tags?post=98650"}],"curies":[{"name":"wp","href":"https:\/\/api.w.org\/{rel}","templated":true}]}}