{"id":98645,"date":"2021-09-07T23:47:53","date_gmt":"2021-09-08T02:47:53","guid":{"rendered":"https:\/\/eldiariodesanpedro.com.ar\/sitio\/?p=98645"},"modified":"2021-09-08T09:24:27","modified_gmt":"2021-09-08T12:24:27","slug":"edicto-de-zarate-daiana-c-sued-benjamin-s-prescripcion-adquisitiva-larga","status":"publish","type":"post","link":"https:\/\/eldiariodesanpedro.com.ar\/sitio\/edicto-de-zarate-daiana-c-sued-benjamin-s-prescripcion-adquisitiva-larga\/","title":{"rendered":"Edicto de Z\u00e1rate Daiana c\/ Sued Benjamin s\/ Prescripci\u00f3n Adquisitiva Larga"},"content":{"rendered":"<!-- VideographyWP Plugin Message: Automatic video embedding prevented by plugin options. -->\n\n<p>El Juzgado de Paz Letrado de Baradero, Secretar\u00eda \u00danica, Dpto. Judicial de San Nicol\u00e1s, en autos: \u00abZ\u00e1rate Daiana c\/ Sued Benjamin s\/ Prescripci\u00f3n Adquisitiva Larga\u00bb (Exp. 40455-20) cita y emplaza al los demandado\/s y\/o su\/s heredero\/s y\/o a quien\/es se considerc\/n con derechos sobre los inmuebles sitos en la intersecci\u00f3n de las calles Lavalle y Mitre de la ciudad de Baradero, cuya Nomenclatura catastral de origen son: Circ. 2, Sec. A, Qta. 16, Manz. 16 b; Parc. 1, 2 y 3, partidas inmobiliarias no 009-011432-8, no 009-011433-6 y no 009-011434-4 (seg\u00fan plano de posesi\u00f3n no 9-11-2011 sc designa catastralmente como Circ. 2, Sec. A, Qta. 16, Manz. 16 b, Parc. la), para que dentro del plazo de diez d\u00edas comparezcan a estar a derecho y contestar demanda, bajo apercibimiento de designarse un Defensor Oficial de Ausentes que lo\/s represente.- Baradero, 06 de septiembre de 2021.<\/p>\n\n\n\n<p>DR. ESTEBAN O PERUSINA<br>ABOGADO SECRETARIO&nbsp;<\/p>\n","protected":false},"excerpt":{"rendered":"<p>El Juzgado de Paz Letrado de Baradero, Secretar\u00eda \u00danica, Dpto. Judicial de San Nicol\u00e1s, en autos: \u00abZ\u00e1rate Daiana c\/ Sued Benjamin s\/ Prescripci\u00f3n Adquisitiva Larga\u00bb (Exp. 40455-20) cita y emplaza al los demandado\/s y\/o su\/s heredero\/s y\/o a quien\/es se considerc\/n con derechos sobre los inmuebles sitos en la intersecci\u00f3n de las calles Lavalle y [&hellip;]<\/p>\n","protected":false},"author":4,"featured_media":81115,"comment_status":"closed","ping_status":"closed","sticky":false,"template":"","format":"standard","meta":{"om_disable_all_campaigns":false,"_jetpack_memberships_contains_paid_content":false,"footnotes":""},"categories":[676,1124],"tags":[],"class_list":["post-98645","post","type-post","status-publish","format-standard","has-post-thumbnail","hentry","category-edictos","category-edictos-especiales"],"aioseo_notices":[],"gutentor_comment":0,"jetpack_featured_media_url":"https:\/\/eldiariodesanpedro.com.ar\/sitio\/wp-content\/uploads\/2020\/09\/Poder-Judicial.jpg","jetpack_shortlink":"https:\/\/wp.me\/p6RhLt-pF3","jetpack_sharing_enabled":true,"_links":{"self":[{"href":"https:\/\/eldiariodesanpedro.com.ar\/sitio\/wp-json\/wp\/v2\/posts\/98645","targetHints":{"allow":["GET"]}}],"collection":[{"href":"https:\/\/eldiariodesanpedro.com.ar\/sitio\/wp-json\/wp\/v2\/posts"}],"about":[{"href":"https:\/\/eldiariodesanpedro.com.ar\/sitio\/wp-json\/wp\/v2\/types\/post"}],"author":[{"embeddable":true,"href":"https:\/\/eldiariodesanpedro.com.ar\/sitio\/wp-json\/wp\/v2\/users\/4"}],"replies":[{"embeddable":true,"href":"https:\/\/eldiariodesanpedro.com.ar\/sitio\/wp-json\/wp\/v2\/comments?post=98645"}],"version-history":[{"count":3,"href":"https:\/\/eldiariodesanpedro.com.ar\/sitio\/wp-json\/wp\/v2\/posts\/98645\/revisions"}],"predecessor-version":[{"id":98648,"href":"https:\/\/eldiariodesanpedro.com.ar\/sitio\/wp-json\/wp\/v2\/posts\/98645\/revisions\/98648"}],"wp:featuredmedia":[{"embeddable":true,"href":"https:\/\/eldiariodesanpedro.com.ar\/sitio\/wp-json\/wp\/v2\/media\/81115"}],"wp:attachment":[{"href":"https:\/\/eldiariodesanpedro.com.ar\/sitio\/wp-json\/wp\/v2\/media?parent=98645"}],"wp:term":[{"taxonomy":"category","embeddable":true,"href":"https:\/\/eldiariodesanpedro.com.ar\/sitio\/wp-json\/wp\/v2\/categories?post=98645"},{"taxonomy":"post_tag","embeddable":true,"href":"https:\/\/eldiariodesanpedro.com.ar\/sitio\/wp-json\/wp\/v2\/tags?post=98645"}],"curies":[{"name":"wp","href":"https:\/\/api.w.org\/{rel}","templated":true}]}}