{"id":98640,"date":"2021-09-07T23:22:22","date_gmt":"2021-09-08T02:22:22","guid":{"rendered":"https:\/\/eldiariodesanpedro.com.ar\/sitio\/?p=98640"},"modified":"2021-09-07T23:22:26","modified_gmt":"2021-09-08T02:22:26","slug":"maximiliano-guerra-para-hacer-el-cambio-hay-que-tener-mucha-fuerza-y-la-lista-de-damian-lafalce-la-tiene","status":"publish","type":"post","link":"https:\/\/eldiariodesanpedro.com.ar\/sitio\/maximiliano-guerra-para-hacer-el-cambio-hay-que-tener-mucha-fuerza-y-la-lista-de-damian-lafalce-la-tiene\/","title":{"rendered":"Maximiliano Guerra: \u201cPara hacer el cambio hay que tener mucha fuerza y la lista de Dami\u00e1n Lafalce la tiene\u201d"},"content":{"rendered":"<!-- VideographyWP Plugin Message: Automatic video embedding prevented by plugin options. -->\n\n<p>El reconocido bailar\u00edn pas\u00f3 por San Pedro apoyando a la lista del precandidato de Juntos. Estuvo en los estudios de FM G\u00e9nesis y remarc\u00f3 \u201cel cambio tiene que ser contundente\u201d.<\/p>\n\n\n\n<p>Como parte de la campa\u00f1a que encabeza Dami\u00e1n Lafalce en San Pedro el bailar\u00edn Maximiliano Guerra estuvo en la ciudad en apoyo a la lista que participar\u00e1 de las internas de Juntos en las PASO del pr\u00f3ximo domingo.<\/p>\n\n\n\n<p>El reconocido artista visit\u00f3 las instalaciones del hospital Sadiv, brind\u00f3 una conferencia de prensa en el bar Butti y particip\u00f3 de una entrevista en FM G\u00e9nesis.<\/p>\n\n\n\n<p>All\u00ed respald\u00f3 a Lafalce quien durante la nota estuvo acompa\u00f1ado por el empresario Marcelo Magliotti.<\/p>\n\n\n\n<p>\u201cEstoy muy contento de estar en San Pedro, por donde he pasado varias veces\u201d, destac\u00f3 Maximiliano Guerra\u201d.<\/p>\n\n\n\n<p>\u201cLas internas est\u00e1n haciendo la parte m\u00e1s fuerte de la democracia que tenemos porque en las PASO la gente podr\u00e1 elegir. Ah\u00ed tenemos una ventaja enorme los ciudadanos\u201d, remarc\u00f3.<\/p>\n\n\n\n<p>\u201cVengo a apoyar esta lista y les dejo un saludo enorme de Patricia Bullrich\u201d. \u201cCreemos que para hace el cambio hay que tener muchas fuerzas y esta lista la tiene, la fuerza del cambio tiene que ser contundente\u201d, afirm\u00f3 el referente del Pro.<\/p>\n\n\n\n<p>Maximiliano Guerra cont\u00f3 c\u00f3mo se dio la oportunidad de participar en pol\u00edtica y el grupo que lidera Patricia Bullrich: \u201cPatricia (Bullrich) me propuso fortalecer los lazos de Juntos por el Cambio en todo el pa\u00eds y no lo dud\u00e9\u201d.<\/p>\n\n\n\n<p>Fuente: <a href=\"https:\/\/www.sanpedroinforma.com.ar\/news-124442-maximiliano-guerra-para-hacer-el-cambio-hay-que-tener-mucha-fuerza-y-la-lista-de-dami%C3%A1n-lafalce-la-tiene\">San Pedro Informa<\/a><\/p>\n","protected":false},"excerpt":{"rendered":"<p>El reconocido bailar\u00edn pas\u00f3 por San Pedro apoyando a la lista del precandidato de Juntos. Estuvo en los estudios de FM G\u00e9nesis y remarc\u00f3 \u201cel cambio tiene que ser contundente\u201d. Como parte de la campa\u00f1a que encabeza Dami\u00e1n Lafalce en San Pedro el bailar\u00edn Maximiliano Guerra estuvo en la ciudad en apoyo a la lista [&hellip;]<\/p>\n","protected":false},"author":4,"featured_media":98643,"comment_status":"closed","ping_status":"closed","sticky":false,"template":"","format":"standard","meta":{"om_disable_all_campaigns":false,"_jetpack_memberships_contains_paid_content":false,"footnotes":""},"categories":[2],"tags":[],"class_list":["post-98640","post","type-post","status-publish","format-standard","has-post-thumbnail","hentry","category-locales"],"aioseo_notices":[],"gutentor_comment":0,"jetpack_featured_media_url":"https:\/\/eldiariodesanpedro.com.ar\/sitio\/wp-content\/uploads\/2021\/09\/20210907_184737-scaled.jpg","jetpack_shortlink":"https:\/\/wp.me\/p6RhLt-pEY","jetpack_sharing_enabled":true,"_links":{"self":[{"href":"https:\/\/eldiariodesanpedro.com.ar\/sitio\/wp-json\/wp\/v2\/posts\/98640","targetHints":{"allow":["GET"]}}],"collection":[{"href":"https:\/\/eldiariodesanpedro.com.ar\/sitio\/wp-json\/wp\/v2\/posts"}],"about":[{"href":"https:\/\/eldiariodesanpedro.com.ar\/sitio\/wp-json\/wp\/v2\/types\/post"}],"author":[{"embeddable":true,"href":"https:\/\/eldiariodesanpedro.com.ar\/sitio\/wp-json\/wp\/v2\/users\/4"}],"replies":[{"embeddable":true,"href":"https:\/\/eldiariodesanpedro.com.ar\/sitio\/wp-json\/wp\/v2\/comments?post=98640"}],"version-history":[{"count":1,"href":"https:\/\/eldiariodesanpedro.com.ar\/sitio\/wp-json\/wp\/v2\/posts\/98640\/revisions"}],"predecessor-version":[{"id":98644,"href":"https:\/\/eldiariodesanpedro.com.ar\/sitio\/wp-json\/wp\/v2\/posts\/98640\/revisions\/98644"}],"wp:featuredmedia":[{"embeddable":true,"href":"https:\/\/eldiariodesanpedro.com.ar\/sitio\/wp-json\/wp\/v2\/media\/98643"}],"wp:attachment":[{"href":"https:\/\/eldiariodesanpedro.com.ar\/sitio\/wp-json\/wp\/v2\/media?parent=98640"}],"wp:term":[{"taxonomy":"category","embeddable":true,"href":"https:\/\/eldiariodesanpedro.com.ar\/sitio\/wp-json\/wp\/v2\/categories?post=98640"},{"taxonomy":"post_tag","embeddable":true,"href":"https:\/\/eldiariodesanpedro.com.ar\/sitio\/wp-json\/wp\/v2\/tags?post=98640"}],"curies":[{"name":"wp","href":"https:\/\/api.w.org\/{rel}","templated":true}]}}