{"id":9864,"date":"2016-11-07T18:49:05","date_gmt":"2016-11-07T21:49:05","guid":{"rendered":"https:\/\/eldiariodesanpedro.com.ar\/sitio\/?p=9864"},"modified":"2016-11-07T21:02:58","modified_gmt":"2016-11-08T00:02:58","slug":"baradero-otro-violento-robo-los-ataron-y-se-llevaron-todo","status":"publish","type":"post","link":"https:\/\/eldiariodesanpedro.com.ar\/sitio\/baradero-otro-violento-robo-los-ataron-y-se-llevaron-todo\/","title":{"rendered":"Baradero: Otro violento robo: Los ataron y se llevaron todo"},"content":{"rendered":"<p><!-- VideographyWP Plugin Message: Automatic video embedding prevented by plugin options. --><br \/>\nEste s\u00e1bado a las 15.00 aproximadamente, una familia de la vecina ciudad estaba lavando el jard\u00edn de su vivienda ubicada en calle Chacabuco cuando aparecieron tres hombres armados que los obligaron a ingresar. Una vez dentro de su casa, los ataron y les robaron durante casi una hora.<\/p>\n<p>Les exigieron un monto exacto de dinero en d\u00f3lares que supuestamente estaba en su poder, por lo que la familia les entreg\u00f3 todo lo que ten\u00edan (en pesos), aunque no era lo solicitado. Adem\u00e1s del dinero, se llevaron todo: elementos electr\u00f3nicos y dem\u00e1s pertenencias personales, desvalijando la casa completamente.<\/p>\n<p>Las v\u00edctimas permanecieron atadas durante aproximadamente una hora y el robo dur\u00f3 m\u00e1s de 45 minutos, en los cuales los amenazaron con las armas de fuego constantemente.<\/p>\n<p>Luego de que los asaltantes se retiraran de la vivienda, los damnificados comenzaron a intentar desatarse y cuando lo lograron acudieron a sus vecinos para solicitar ayuda.<\/p>\n<p>Los tres delincuentes se movilizaban en un Volkswagen Gol Trend color gris en donde los esperaba un cuarto hombre. Seg\u00fan consideran, eran profesionales.<\/p>\n<p>Un robo m\u00e1s, con procedimientos de privaci\u00f3n de la libertad, violencia y armas de fuego que lamentablemente est\u00e1n siendo noticia semanalmente en Baradero.<\/p>\n","protected":false},"excerpt":{"rendered":"<p>Este s\u00e1bado a las 15.00 aproximadamente, una familia de la vecina ciudad estaba lavando el jard\u00edn de su vivienda ubicada en calle Chacabuco cuando aparecieron tres hombres armados que los obligaron a ingresar. Una vez dentro de su casa, los ataron y les robaron durante casi una hora. Les exigieron un monto exacto de dinero [&hellip;]<\/p>\n","protected":false},"author":4,"featured_media":8212,"comment_status":"open","ping_status":"closed","sticky":false,"template":"","format":"standard","meta":{"om_disable_all_campaigns":false,"_jetpack_memberships_contains_paid_content":false,"footnotes":""},"categories":[621],"tags":[],"class_list":["post-9864","post","type-post","status-publish","format-standard","has-post-thumbnail","hentry","category-regionales"],"aioseo_notices":[],"gutentor_comment":0,"jetpack_featured_media_url":"https:\/\/eldiariodesanpedro.com.ar\/sitio\/wp-content\/uploads\/2016\/09\/arma-de-fuego.jpg","jetpack_shortlink":"https:\/\/wp.me\/p6RhLt-2z6","jetpack_sharing_enabled":true,"_links":{"self":[{"href":"https:\/\/eldiariodesanpedro.com.ar\/sitio\/wp-json\/wp\/v2\/posts\/9864","targetHints":{"allow":["GET"]}}],"collection":[{"href":"https:\/\/eldiariodesanpedro.com.ar\/sitio\/wp-json\/wp\/v2\/posts"}],"about":[{"href":"https:\/\/eldiariodesanpedro.com.ar\/sitio\/wp-json\/wp\/v2\/types\/post"}],"author":[{"embeddable":true,"href":"https:\/\/eldiariodesanpedro.com.ar\/sitio\/wp-json\/wp\/v2\/users\/4"}],"replies":[{"embeddable":true,"href":"https:\/\/eldiariodesanpedro.com.ar\/sitio\/wp-json\/wp\/v2\/comments?post=9864"}],"version-history":[{"count":1,"href":"https:\/\/eldiariodesanpedro.com.ar\/sitio\/wp-json\/wp\/v2\/posts\/9864\/revisions"}],"predecessor-version":[{"id":9865,"href":"https:\/\/eldiariodesanpedro.com.ar\/sitio\/wp-json\/wp\/v2\/posts\/9864\/revisions\/9865"}],"wp:featuredmedia":[{"embeddable":true,"href":"https:\/\/eldiariodesanpedro.com.ar\/sitio\/wp-json\/wp\/v2\/media\/8212"}],"wp:attachment":[{"href":"https:\/\/eldiariodesanpedro.com.ar\/sitio\/wp-json\/wp\/v2\/media?parent=9864"}],"wp:term":[{"taxonomy":"category","embeddable":true,"href":"https:\/\/eldiariodesanpedro.com.ar\/sitio\/wp-json\/wp\/v2\/categories?post=9864"},{"taxonomy":"post_tag","embeddable":true,"href":"https:\/\/eldiariodesanpedro.com.ar\/sitio\/wp-json\/wp\/v2\/tags?post=9864"}],"curies":[{"name":"wp","href":"https:\/\/api.w.org\/{rel}","templated":true}]}}