{"id":98637,"date":"2021-09-07T17:28:30","date_gmt":"2021-09-07T20:28:30","guid":{"rendered":"https:\/\/eldiariodesanpedro.com.ar\/sitio\/?p=98637"},"modified":"2021-09-07T17:28:36","modified_gmt":"2021-09-07T20:28:36","slug":"reunion-entre-empresarios-locales-y-cancilleria-argentina","status":"publish","type":"post","link":"https:\/\/eldiariodesanpedro.com.ar\/sitio\/reunion-entre-empresarios-locales-y-cancilleria-argentina\/","title":{"rendered":"Reuni\u00f3n entre empresarios locales y Canciller\u00eda Argentina"},"content":{"rendered":"<!-- VideographyWP Plugin Message: Automatic video embedding prevented by plugin options. -->\n\n<p>En el d\u00eda de hoy el Secretario de Desarrollo Econ\u00f3mico de la Municipalidad de San Pedro Alfredo Carrasco, encabez\u00f3 una reuni\u00f3n ante empresarios y exportadores con la Directora Nacional de Promoci\u00f3n de Exportaciones Patricia Leone, y la titular de la Direcci\u00f3n Nacional de Asuntos Nacionales Mar\u00eda Rosconi.<\/p>\n\n\n\n<p>Entre los diferentes temas que se trataron se destaca una importante invitaci\u00f3n, por parte de la Directora Patricia Leone, a participar de la misi\u00f3n a Colombia para abrir nuevos mercados de Alimentos y C\u00edtricos, como tambi\u00e9n a la misi\u00f3n hacia Pa\u00edses N\u00f3rdicos para el mercado de la Miel envasada.<\/p>\n\n\n\n<p>Otro de los ejes que se charlaron, fue la importancia de realizar una misi\u00f3n comercial de la mesa de hortalizas con el fin de abrir nuevos mercados para la exportaci\u00f3n de batata.<\/p>\n","protected":false},"excerpt":{"rendered":"<p>En el d\u00eda de hoy el Secretario de Desarrollo Econ\u00f3mico de la Municipalidad de San Pedro Alfredo Carrasco, encabez\u00f3 una reuni\u00f3n ante empresarios y exportadores con la Directora Nacional de Promoci\u00f3n de Exportaciones Patricia Leone, y la titular de la Direcci\u00f3n Nacional de Asuntos Nacionales Mar\u00eda Rosconi. Entre los diferentes temas que se trataron se [&hellip;]<\/p>\n","protected":false},"author":4,"featured_media":98638,"comment_status":"closed","ping_status":"closed","sticky":false,"template":"","format":"standard","meta":{"om_disable_all_campaigns":false,"_jetpack_memberships_contains_paid_content":false,"footnotes":""},"categories":[101,2],"tags":[],"class_list":["post-98637","post","type-post","status-publish","format-standard","has-post-thumbnail","hentry","category-interes-general-locales","category-locales"],"aioseo_notices":[],"gutentor_comment":0,"jetpack_featured_media_url":"https:\/\/eldiariodesanpedro.com.ar\/sitio\/wp-content\/uploads\/2021\/09\/WhatsApp-Image-2021-09-07-at-16.15.06.jpeg","jetpack_shortlink":"https:\/\/wp.me\/p6RhLt-pEV","jetpack_sharing_enabled":true,"_links":{"self":[{"href":"https:\/\/eldiariodesanpedro.com.ar\/sitio\/wp-json\/wp\/v2\/posts\/98637","targetHints":{"allow":["GET"]}}],"collection":[{"href":"https:\/\/eldiariodesanpedro.com.ar\/sitio\/wp-json\/wp\/v2\/posts"}],"about":[{"href":"https:\/\/eldiariodesanpedro.com.ar\/sitio\/wp-json\/wp\/v2\/types\/post"}],"author":[{"embeddable":true,"href":"https:\/\/eldiariodesanpedro.com.ar\/sitio\/wp-json\/wp\/v2\/users\/4"}],"replies":[{"embeddable":true,"href":"https:\/\/eldiariodesanpedro.com.ar\/sitio\/wp-json\/wp\/v2\/comments?post=98637"}],"version-history":[{"count":1,"href":"https:\/\/eldiariodesanpedro.com.ar\/sitio\/wp-json\/wp\/v2\/posts\/98637\/revisions"}],"predecessor-version":[{"id":98639,"href":"https:\/\/eldiariodesanpedro.com.ar\/sitio\/wp-json\/wp\/v2\/posts\/98637\/revisions\/98639"}],"wp:featuredmedia":[{"embeddable":true,"href":"https:\/\/eldiariodesanpedro.com.ar\/sitio\/wp-json\/wp\/v2\/media\/98638"}],"wp:attachment":[{"href":"https:\/\/eldiariodesanpedro.com.ar\/sitio\/wp-json\/wp\/v2\/media?parent=98637"}],"wp:term":[{"taxonomy":"category","embeddable":true,"href":"https:\/\/eldiariodesanpedro.com.ar\/sitio\/wp-json\/wp\/v2\/categories?post=98637"},{"taxonomy":"post_tag","embeddable":true,"href":"https:\/\/eldiariodesanpedro.com.ar\/sitio\/wp-json\/wp\/v2\/tags?post=98637"}],"curies":[{"name":"wp","href":"https:\/\/api.w.org\/{rel}","templated":true}]}}