{"id":98634,"date":"2021-09-07T17:20:58","date_gmt":"2021-09-07T20:20:58","guid":{"rendered":"https:\/\/eldiariodesanpedro.com.ar\/sitio\/?p=98634"},"modified":"2021-09-07T17:21:02","modified_gmt":"2021-09-07T20:21:02","slug":"salazar-y-el-ministro-ferraresi-firmaron-el-convenio-especifico-para-que-comiencen-las-licitaciones-del-plan-de-89-viviendas-nuestros-suenos","status":"publish","type":"post","link":"https:\/\/eldiariodesanpedro.com.ar\/sitio\/salazar-y-el-ministro-ferraresi-firmaron-el-convenio-especifico-para-que-comiencen-las-licitaciones-del-plan-de-89-viviendas-nuestros-suenos\/","title":{"rendered":"Salazar y el Ministro Ferraresi firmaron el convenio espec\u00edfico para que comiencen las licitaciones del \u201cPlan de 89 Viviendas Nuestros Sue\u00f1os\u201d"},"content":{"rendered":"<!-- VideographyWP Plugin Message: Automatic video embedding prevented by plugin options. -->\n\n<p>En Baradero este mediod\u00eda aprovechando la visita del Ministro, el Intendente Cecilio Salazar firm\u00f3 el convenio espec\u00edfico para que puedan comenzar a realizarse los llamados a la licitaci\u00f3n para la construcci\u00f3n de las 89 viviendas incluidas en el Programa de la Cooperativa Nuestros Sue\u00f1os.<\/p>\n\n\n\n<p>El jefe comunal firm\u00f3 con Jorge Ferraresi, Ministro de Desarrollo Territorial y H\u00e1bitat de la Naci\u00f3n Argentina, la documentaci\u00f3n final previa al inicio de todas las acciones que en pocos meses permitir\u00e1n el inicio de este barrio para el cual la semana pasada se recibi\u00f3 la NO OBJECI\u00d3N FINANCIERA, conforme los requerimientos establecidos en los lineamientos espec\u00edficos del Programa Casa Propia \u2013 Construir Futuro.<\/p>\n\n\n\n<p>La construcci\u00f3n de estas viviendas se realizar\u00e1 bajo el modelo de administraci\u00f3n con unidades habitacionales de 65,55 m2 cada una. El monto total de la obra es de $ 410.122.390,57, con un anticipo de $ 22.784.577,36 y un plazo de obra de 18 meses.<\/p>\n","protected":false},"excerpt":{"rendered":"<p>En Baradero este mediod\u00eda aprovechando la visita del Ministro, el Intendente Cecilio Salazar firm\u00f3 el convenio espec\u00edfico para que puedan comenzar a realizarse los llamados a la licitaci\u00f3n para la construcci\u00f3n de las 89 viviendas incluidas en el Programa de la Cooperativa Nuestros Sue\u00f1os. El jefe comunal firm\u00f3 con Jorge Ferraresi, Ministro de Desarrollo Territorial [&hellip;]<\/p>\n","protected":false},"author":4,"featured_media":98635,"comment_status":"closed","ping_status":"closed","sticky":false,"template":"","format":"standard","meta":{"om_disable_all_campaigns":false,"_jetpack_memberships_contains_paid_content":false,"footnotes":""},"categories":[101,2],"tags":[197,696,33,19],"class_list":["post-98634","post","type-post","status-publish","format-standard","has-post-thumbnail","hentry","category-interes-general-locales","category-locales","tag-buenos-aires","tag-interes-general","tag-locales","tag-san-pedro"],"aioseo_notices":[],"gutentor_comment":0,"jetpack_featured_media_url":"https:\/\/eldiariodesanpedro.com.ar\/sitio\/wp-content\/uploads\/2021\/09\/WhatsApp-Image-2021-09-07-at-15.43.15.jpeg","jetpack_shortlink":"https:\/\/wp.me\/p6RhLt-pES","jetpack_sharing_enabled":true,"_links":{"self":[{"href":"https:\/\/eldiariodesanpedro.com.ar\/sitio\/wp-json\/wp\/v2\/posts\/98634","targetHints":{"allow":["GET"]}}],"collection":[{"href":"https:\/\/eldiariodesanpedro.com.ar\/sitio\/wp-json\/wp\/v2\/posts"}],"about":[{"href":"https:\/\/eldiariodesanpedro.com.ar\/sitio\/wp-json\/wp\/v2\/types\/post"}],"author":[{"embeddable":true,"href":"https:\/\/eldiariodesanpedro.com.ar\/sitio\/wp-json\/wp\/v2\/users\/4"}],"replies":[{"embeddable":true,"href":"https:\/\/eldiariodesanpedro.com.ar\/sitio\/wp-json\/wp\/v2\/comments?post=98634"}],"version-history":[{"count":1,"href":"https:\/\/eldiariodesanpedro.com.ar\/sitio\/wp-json\/wp\/v2\/posts\/98634\/revisions"}],"predecessor-version":[{"id":98636,"href":"https:\/\/eldiariodesanpedro.com.ar\/sitio\/wp-json\/wp\/v2\/posts\/98634\/revisions\/98636"}],"wp:featuredmedia":[{"embeddable":true,"href":"https:\/\/eldiariodesanpedro.com.ar\/sitio\/wp-json\/wp\/v2\/media\/98635"}],"wp:attachment":[{"href":"https:\/\/eldiariodesanpedro.com.ar\/sitio\/wp-json\/wp\/v2\/media?parent=98634"}],"wp:term":[{"taxonomy":"category","embeddable":true,"href":"https:\/\/eldiariodesanpedro.com.ar\/sitio\/wp-json\/wp\/v2\/categories?post=98634"},{"taxonomy":"post_tag","embeddable":true,"href":"https:\/\/eldiariodesanpedro.com.ar\/sitio\/wp-json\/wp\/v2\/tags?post=98634"}],"curies":[{"name":"wp","href":"https:\/\/api.w.org\/{rel}","templated":true}]}}