{"id":98630,"date":"2021-09-07T17:05:58","date_gmt":"2021-09-07T20:05:58","guid":{"rendered":"https:\/\/eldiariodesanpedro.com.ar\/sitio\/?p=98630"},"modified":"2021-09-07T17:09:18","modified_gmt":"2021-09-07T20:09:18","slug":"la-directora-ejecutiva-de-anses-fernanda-raverta-estuvo-en-san-pedro-y-visito-al-intendente","status":"publish","type":"post","link":"https:\/\/eldiariodesanpedro.com.ar\/sitio\/la-directora-ejecutiva-de-anses-fernanda-raverta-estuvo-en-san-pedro-y-visito-al-intendente\/","title":{"rendered":"La Directora Ejecutiva de ANSES Fernanda Raverta estuvo en San Pedro y visito al intendente"},"content":{"rendered":"<!-- VideographyWP Plugin Message: Automatic video embedding prevented by plugin options. -->\n\n<p>La Directora del ANSES visit\u00f3 al Intendente Salazar y respald\u00f3 el lanzamiento del programa \u00abReconocimiento de aportes por tareas de cuidado\u00bb<\/p>\n\n\n\n<p>La Directora Ejecutiva de ANSES Fernanda Raverta y la Subdirectora Ejecutiva de Prestaciones del organismo Marina Moretti visitaron hoy San Pedro y mantuvieron una reuni\u00f3n con el Intendente Cecilio Salazar y el Secretario de Coordinaci\u00f3n Ram\u00f3n Salazar acompa\u00f1adas por la titular de la UDAI San Pedro, Tamara Valeminck.<\/p>\n\n\n\n<p>Las funcionarias del ANSES vinieron a respaldar la tarea que viene desplegando Vlaeminck en San Pedro con m\u00e1s m\u00faltiples pol\u00edticas p\u00fablicas que brindan contenci\u00f3n y asistencia en sectores muy sensibles de nuestra sociedad.<\/p>\n\n\n\n<p>El ANSES se encuentra en pleno lanzamiento del \u00abReconocimiento de aportes por tareas de cuidado\u00bb, destinado a las mujeres que tengan la edad requerida para jubilarse y no cuenten con los a\u00f1os de aportes necesarios y tengan hijas y\/o hijos.<\/p>\n\n\n\n<p>El Intendente destac\u00f3 la gran tarea que se viene cumpliendo desde la UDAI San Pedro y la importancia de este nuevo beneficio que viene a \u00abvisibilizar y reparar una desigualdad hist\u00f3rica y estructural en la distribuci\u00f3n de las tareas de cuidado, reconociendo y valorando el tiempo que las mujeres destinaron y destinan a la crianza de sus hijas e hijos\u00bb.<\/p>\n\n\n\n<p>El Reconocimiento de aportes por tarea de cuidado puede ser tramitado a trav\u00e9s de la Unidad local por mujeres con hijas y\/o hijos, en edad de jubilarse (60 a\u00f1os o m\u00e1s) que no cuenten con los a\u00f1os de aportes necesarios. Los detalles de este beneficio se encuentran disponibles en el sitio web oficial anses.gob.ar y colocando en el buscador el nombre del programa \u00abReconocimiento de aportes por tareas de cuidado\u00bb.<\/p>\n\n\n\n<p>Seg\u00fan las estad\u00edsticas oficiales ANSES registra en el Partido de San Pedro aproximadamente 11.400 jubilados\/as y pensionados\/as, 18.000 asignaciones familiares y efect\u00faa una inversi\u00f3n corriente de 448 millones de pesos entre jubilaciones, asignaciones y otras prestaciones, adem\u00e1s de una inversi\u00f3n extraordinaria de m\u00e1s de 700 millones entre Marzo del 2020 y Junio del 2021 en concepto de IFE, ATP, Bono Salud y Repro II entre otros.<\/p>\n\n\n\n<iframe data-src=\"https:\/\/www.facebook.com\/plugins\/video.php?height=271&#038;href=https%3A%2F%2Fwww.facebook.com%2Fdiariosp2%2Fvideos%2F406908671059130%2F&#038;show_text=false&#038;width=560&#038;t=0\" width=\"560\" height=\"271\" style=\"border:none;overflow:hidden\" scrolling=\"no\" frameborder=\"0\" allowfullscreen=\"true\" allow=\"autoplay; clipboard-write; encrypted-media; picture-in-picture; web-share\" allowFullScreen=\"true\" src=\"data:image\/svg+xml;base64,PHN2ZyB3aWR0aD0iMSIgaGVpZ2h0PSIxIiB4bWxucz0iaHR0cDovL3d3dy53My5vcmcvMjAwMC9zdmciPjwvc3ZnPg==\" class=\"lazyload\" data-load-mode=\"1\"><\/iframe>\n\n\n\n<figure class=\"wp-block-image size-large\"><img decoding=\"async\" width=\"1024\" height=\"726\" data-attachment-id=\"98621\" data-permalink=\"https:\/\/eldiariodesanpedro.com.ar\/sitio\/whatsapp-image-2021-09-07-at-15-24-02-1\/\" data-orig-file=\"https:\/\/eldiariodesanpedro.com.ar\/sitio\/wp-content\/uploads\/2021\/09\/WhatsApp-Image-2021-09-07-at-15.24.02-1.jpeg\" data-orig-size=\"1280,908\" data-comments-opened=\"0\" data-image-meta=\"{&quot;aperture&quot;:&quot;0&quot;,&quot;credit&quot;:&quot;&quot;,&quot;camera&quot;:&quot;&quot;,&quot;caption&quot;:&quot;&quot;,&quot;created_timestamp&quot;:&quot;0&quot;,&quot;copyright&quot;:&quot;&quot;,&quot;focal_length&quot;:&quot;0&quot;,&quot;iso&quot;:&quot;0&quot;,&quot;shutter_speed&quot;:&quot;0&quot;,&quot;title&quot;:&quot;&quot;,&quot;orientation&quot;:&quot;0&quot;}\" data-image-title=\"WhatsApp Image 2021-09-07 at 15.24.02 (1)\" data-image-description=\"\" data-image-caption=\"\" data-large-file=\"https:\/\/eldiariodesanpedro.com.ar\/sitio\/wp-content\/uploads\/2021\/09\/WhatsApp-Image-2021-09-07-at-15.24.02-1-1024x726.jpeg\" data-src=\"https:\/\/eldiariodesanpedro.com.ar\/sitio\/wp-content\/uploads\/2021\/09\/WhatsApp-Image-2021-09-07-at-15.24.02-1-1024x726.jpeg\" alt=\"\" class=\"wp-image-98621 lazyload\" data-srcset=\"https:\/\/eldiariodesanpedro.com.ar\/sitio\/wp-content\/uploads\/2021\/09\/WhatsApp-Image-2021-09-07-at-15.24.02-1-1024x726.jpeg 1024w, https:\/\/eldiariodesanpedro.com.ar\/sitio\/wp-content\/uploads\/2021\/09\/WhatsApp-Image-2021-09-07-at-15.24.02-1-300x213.jpeg 300w, https:\/\/eldiariodesanpedro.com.ar\/sitio\/wp-content\/uploads\/2021\/09\/WhatsApp-Image-2021-09-07-at-15.24.02-1-768x545.jpeg 768w, https:\/\/eldiariodesanpedro.com.ar\/sitio\/wp-content\/uploads\/2021\/09\/WhatsApp-Image-2021-09-07-at-15.24.02-1.jpeg 1280w\" data-sizes=\"(max-width: 1024px) 100vw, 1024px\" src=\"data:image\/svg+xml;base64,PHN2ZyB3aWR0aD0iMSIgaGVpZ2h0PSIxIiB4bWxucz0iaHR0cDovL3d3dy53My5vcmcvMjAwMC9zdmciPjwvc3ZnPg==\" style=\"--smush-placeholder-width: 1024px; --smush-placeholder-aspect-ratio: 1024\/726;\" \/><\/figure>\n\n\n\n<figure class=\"wp-block-image size-large\"><img decoding=\"async\" width=\"1024\" height=\"721\" data-attachment-id=\"98620\" data-permalink=\"https:\/\/eldiariodesanpedro.com.ar\/sitio\/whatsapp-image-2021-09-07-at-15-24-01\/\" data-orig-file=\"https:\/\/eldiariodesanpedro.com.ar\/sitio\/wp-content\/uploads\/2021\/09\/WhatsApp-Image-2021-09-07-at-15.24.01.jpeg\" data-orig-size=\"1280,901\" data-comments-opened=\"0\" data-image-meta=\"{&quot;aperture&quot;:&quot;0&quot;,&quot;credit&quot;:&quot;&quot;,&quot;camera&quot;:&quot;&quot;,&quot;caption&quot;:&quot;&quot;,&quot;created_timestamp&quot;:&quot;0&quot;,&quot;copyright&quot;:&quot;&quot;,&quot;focal_length&quot;:&quot;0&quot;,&quot;iso&quot;:&quot;0&quot;,&quot;shutter_speed&quot;:&quot;0&quot;,&quot;title&quot;:&quot;&quot;,&quot;orientation&quot;:&quot;0&quot;}\" data-image-title=\"WhatsApp Image 2021-09-07 at 15.24.01\" data-image-description=\"\" data-image-caption=\"\" data-large-file=\"https:\/\/eldiariodesanpedro.com.ar\/sitio\/wp-content\/uploads\/2021\/09\/WhatsApp-Image-2021-09-07-at-15.24.01-1024x721.jpeg\" data-src=\"https:\/\/eldiariodesanpedro.com.ar\/sitio\/wp-content\/uploads\/2021\/09\/WhatsApp-Image-2021-09-07-at-15.24.01-1024x721.jpeg\" alt=\"\" class=\"wp-image-98620 lazyload\" data-srcset=\"https:\/\/eldiariodesanpedro.com.ar\/sitio\/wp-content\/uploads\/2021\/09\/WhatsApp-Image-2021-09-07-at-15.24.01-1024x721.jpeg 1024w, https:\/\/eldiariodesanpedro.com.ar\/sitio\/wp-content\/uploads\/2021\/09\/WhatsApp-Image-2021-09-07-at-15.24.01-300x211.jpeg 300w, https:\/\/eldiariodesanpedro.com.ar\/sitio\/wp-content\/uploads\/2021\/09\/WhatsApp-Image-2021-09-07-at-15.24.01-768x541.jpeg 768w, https:\/\/eldiariodesanpedro.com.ar\/sitio\/wp-content\/uploads\/2021\/09\/WhatsApp-Image-2021-09-07-at-15.24.01.jpeg 1280w\" data-sizes=\"(max-width: 1024px) 100vw, 1024px\" src=\"data:image\/svg+xml;base64,PHN2ZyB3aWR0aD0iMSIgaGVpZ2h0PSIxIiB4bWxucz0iaHR0cDovL3d3dy53My5vcmcvMjAwMC9zdmciPjwvc3ZnPg==\" style=\"--smush-placeholder-width: 1024px; --smush-placeholder-aspect-ratio: 1024\/721;\" \/><\/figure>\n","protected":false},"excerpt":{"rendered":"<p>La Directora del ANSES visit\u00f3 al Intendente Salazar y respald\u00f3 el lanzamiento del programa \u00abReconocimiento de aportes por tareas de cuidado\u00bb La Directora Ejecutiva de ANSES Fernanda Raverta y la Subdirectora Ejecutiva de Prestaciones del organismo Marina Moretti visitaron hoy San Pedro y mantuvieron una reuni\u00f3n con el Intendente Cecilio Salazar y el Secretario de [&hellip;]<\/p>\n","protected":false},"author":4,"featured_media":98618,"comment_status":"closed","ping_status":"closed","sticky":false,"template":"","format":"standard","meta":{"om_disable_all_campaigns":false,"_jetpack_memberships_contains_paid_content":false,"footnotes":""},"categories":[50,101,2],"tags":[],"class_list":["post-98630","post","type-post","status-publish","format-standard","has-post-thumbnail","hentry","category-destacadas","category-interes-general-locales","category-locales"],"aioseo_notices":[],"gutentor_comment":0,"jetpack_featured_media_url":"https:\/\/eldiariodesanpedro.com.ar\/sitio\/wp-content\/uploads\/2021\/09\/WhatsApp-Image-2021-09-07-at-15.24.00-1.jpeg","jetpack_shortlink":"https:\/\/wp.me\/p6RhLt-pEO","jetpack_sharing_enabled":true,"_links":{"self":[{"href":"https:\/\/eldiariodesanpedro.com.ar\/sitio\/wp-json\/wp\/v2\/posts\/98630","targetHints":{"allow":["GET"]}}],"collection":[{"href":"https:\/\/eldiariodesanpedro.com.ar\/sitio\/wp-json\/wp\/v2\/posts"}],"about":[{"href":"https:\/\/eldiariodesanpedro.com.ar\/sitio\/wp-json\/wp\/v2\/types\/post"}],"author":[{"embeddable":true,"href":"https:\/\/eldiariodesanpedro.com.ar\/sitio\/wp-json\/wp\/v2\/users\/4"}],"replies":[{"embeddable":true,"href":"https:\/\/eldiariodesanpedro.com.ar\/sitio\/wp-json\/wp\/v2\/comments?post=98630"}],"version-history":[{"count":3,"href":"https:\/\/eldiariodesanpedro.com.ar\/sitio\/wp-json\/wp\/v2\/posts\/98630\/revisions"}],"predecessor-version":[{"id":98633,"href":"https:\/\/eldiariodesanpedro.com.ar\/sitio\/wp-json\/wp\/v2\/posts\/98630\/revisions\/98633"}],"wp:featuredmedia":[{"embeddable":true,"href":"https:\/\/eldiariodesanpedro.com.ar\/sitio\/wp-json\/wp\/v2\/media\/98618"}],"wp:attachment":[{"href":"https:\/\/eldiariodesanpedro.com.ar\/sitio\/wp-json\/wp\/v2\/media?parent=98630"}],"wp:term":[{"taxonomy":"category","embeddable":true,"href":"https:\/\/eldiariodesanpedro.com.ar\/sitio\/wp-json\/wp\/v2\/categories?post=98630"},{"taxonomy":"post_tag","embeddable":true,"href":"https:\/\/eldiariodesanpedro.com.ar\/sitio\/wp-json\/wp\/v2\/tags?post=98630"}],"curies":[{"name":"wp","href":"https:\/\/api.w.org\/{rel}","templated":true}]}}