{"id":98611,"date":"2021-09-07T16:33:39","date_gmt":"2021-09-07T19:33:39","guid":{"rendered":"https:\/\/eldiariodesanpedro.com.ar\/sitio\/?p=98611"},"modified":"2021-09-07T16:33:43","modified_gmt":"2021-09-07T19:33:43","slug":"un-nina-de-diez-anos-que-circulaba-en-la-calle-sola-un-delincuente-le-robo-el-celular-2","status":"publish","type":"post","link":"https:\/\/eldiariodesanpedro.com.ar\/sitio\/un-nina-de-diez-anos-que-circulaba-en-la-calle-sola-un-delincuente-le-robo-el-celular-2\/","title":{"rendered":"Un ni\u00f1a de diez a\u00f1os que circulaba en la calle sola un delincuente le robo el celular"},"content":{"rendered":"<!-- VideographyWP Plugin Message: Automatic video embedding prevented by plugin options. -->\n\n<p>En la jornada de ayer la madre de una menor se acerc\u00f3 a la comisar\u00eda local para realizar la denuncia del robo de un celular a su hija.<\/p>\n\n\n\n<p>En horas de la tarde una mujer de 37 a\u00f1os de edad se hace presente en la comisar\u00eda local para realizar la denuncia de un hecho ocurrido en horas del mediod\u00eda en calle Riobamba a pocos metros de la Av. 11 de septiembre circulaba la hija de 10 a\u00f1os de edad quien fue abordada por un delincuente el cual reconoce diferentes caracter\u00edsticas como tatuajes de estrellas en su cuello entre otros detalles, quien le arrebat\u00f3 el celular Samsung sin mediar palabras.<\/p>\n","protected":false},"excerpt":{"rendered":"<p>En la jornada de ayer la madre de una menor se acerc\u00f3 a la comisar\u00eda local para realizar la denuncia del robo de un celular a su hija. En horas de la tarde una mujer de 37 a\u00f1os de edad se hace presente en la comisar\u00eda local para realizar la denuncia de un hecho ocurrido [&hellip;]<\/p>\n","protected":false},"author":4,"featured_media":98610,"comment_status":"closed","ping_status":"closed","sticky":false,"template":"","format":"standard","meta":{"om_disable_all_campaigns":false,"_jetpack_memberships_contains_paid_content":false,"footnotes":""},"categories":[2,103],"tags":[197,33,95,19],"class_list":["post-98611","post","type-post","status-publish","format-standard","has-post-thumbnail","hentry","category-locales","category-policiales-locales","tag-buenos-aires","tag-locales","tag-policiales","tag-san-pedro"],"aioseo_notices":[],"gutentor_comment":0,"jetpack_featured_media_url":"https:\/\/eldiariodesanpedro.com.ar\/sitio\/wp-content\/uploads\/2021\/09\/0d1c2e_051cdfb549a242caa0fb7ec82723d4a6-mv2.jpg","jetpack_shortlink":"https:\/\/wp.me\/p6RhLt-pEv","jetpack_sharing_enabled":true,"_links":{"self":[{"href":"https:\/\/eldiariodesanpedro.com.ar\/sitio\/wp-json\/wp\/v2\/posts\/98611","targetHints":{"allow":["GET"]}}],"collection":[{"href":"https:\/\/eldiariodesanpedro.com.ar\/sitio\/wp-json\/wp\/v2\/posts"}],"about":[{"href":"https:\/\/eldiariodesanpedro.com.ar\/sitio\/wp-json\/wp\/v2\/types\/post"}],"author":[{"embeddable":true,"href":"https:\/\/eldiariodesanpedro.com.ar\/sitio\/wp-json\/wp\/v2\/users\/4"}],"replies":[{"embeddable":true,"href":"https:\/\/eldiariodesanpedro.com.ar\/sitio\/wp-json\/wp\/v2\/comments?post=98611"}],"version-history":[{"count":1,"href":"https:\/\/eldiariodesanpedro.com.ar\/sitio\/wp-json\/wp\/v2\/posts\/98611\/revisions"}],"predecessor-version":[{"id":98612,"href":"https:\/\/eldiariodesanpedro.com.ar\/sitio\/wp-json\/wp\/v2\/posts\/98611\/revisions\/98612"}],"wp:featuredmedia":[{"embeddable":true,"href":"https:\/\/eldiariodesanpedro.com.ar\/sitio\/wp-json\/wp\/v2\/media\/98610"}],"wp:attachment":[{"href":"https:\/\/eldiariodesanpedro.com.ar\/sitio\/wp-json\/wp\/v2\/media?parent=98611"}],"wp:term":[{"taxonomy":"category","embeddable":true,"href":"https:\/\/eldiariodesanpedro.com.ar\/sitio\/wp-json\/wp\/v2\/categories?post=98611"},{"taxonomy":"post_tag","embeddable":true,"href":"https:\/\/eldiariodesanpedro.com.ar\/sitio\/wp-json\/wp\/v2\/tags?post=98611"}],"curies":[{"name":"wp","href":"https:\/\/api.w.org\/{rel}","templated":true}]}}