{"id":9861,"date":"2016-11-07T18:48:04","date_gmt":"2016-11-07T21:48:04","guid":{"rendered":"https:\/\/eldiariodesanpedro.com.ar\/sitio\/?p=9861"},"modified":"2016-11-07T21:03:29","modified_gmt":"2016-11-08T00:03:29","slug":"pergamino-allanaron-la-empresa-productora-de-pollos-que-rico-por-abuso-sexual-y-trabajo-infantil","status":"publish","type":"post","link":"https:\/\/eldiariodesanpedro.com.ar\/sitio\/pergamino-allanaron-la-empresa-productora-de-pollos-que-rico-por-abuso-sexual-y-trabajo-infantil\/","title":{"rendered":"Pergamino: Allanaron la empresa productora de pollos \u201cQu\u00e9 Rico\u201d por abuso sexual y trabajo infantil"},"content":{"rendered":"<p><!-- VideographyWP Plugin Message: Automatic video embedding prevented by plugin options. --><br \/>\nEn septiembre, la productora de pollos \u201cQu\u00e9 Rico\u201d fue v\u00edctima de uno de los robos m\u00e1s resonantes del a\u00f1o. Ayer, un encargado de los criaderos de la firma en Pergamino fue imputado por contratar menores de la zona, extorsionarlos y abusar de ellos en las duchas.<\/p>\n<p>El 19 de septiembre pasado, el apoderado de la productora de pollos Qu\u00e9 Rico tuvo que despedirse de un mill\u00f3n de pesos cuando un grupo de ladrones lo asaltaron tras bajar de un Honda Civic para depositar la recaudaci\u00f3n de la firma en la sucursal del Banco Provincia en General Rodr\u00edguez. Los responsables del robo, con el correr de los d\u00edas, se convirtieron en los ladrones m\u00e1s tristemente c\u00e9lebres de este a\u00f1o: bautizados como \u201cla Banda del Mill\u00f3n\u201d, provocaban a polic\u00edas y a periodistas con amenazas expl\u00edcitas en videos difundidos a trav\u00e9s de la prensa y las redes sociales. Sus m\u00e1ximos jefes cayeron ensangrentados el viernes pasado en un violento enfrentamiento.<\/p>\n<p>Qu\u00e9 Rico, por su parte, no es una firma menor, sino uno de los mayores jugadores en el mercado del pollo bonaerense. Cuenta con plantas de incubaci\u00f3n, alimento balanceado y una flota propia de transporte. Su central de faenado, de acuerdo a la empresa misma, tiene una capacidad para procesar 8 mil pollos por hora. Hoy, Qu\u00e9 Rico vuelve a ser noticia, pero por los motivos equivocados. Ayer, sus tres galpones de cr\u00eda de gallinas reproductoras en la zona de Guerrico, partido de Pergamino, fueron allanados por la Polic\u00eda Federal. Las acusaciones: abuso sexual y trabajo infantil.<\/p>\n<p>La causa, a cargo del fiscal Nelson Mastorchio, titular de la UFI N\u00b03 del distrito y bajo la firma del juez de Garant\u00edas C\u00e9sar Solazzi, comenz\u00f3 a mediados de agosto pasado. \u201cRecibimos una denuncia del Ministerio de Trabajo, que hab\u00eda realizado una inspecci\u00f3n en conjunto con delegados de UATRE\u201d, asegura Mastorchio a Infobae. Los principales damnificados tienen 15 y 16 a\u00f1os; el m\u00e1s joven de ellos ya declar\u00f3 en c\u00e1mara Gesell.<\/p>\n<p>El \u00fanico acusado hasta el momento es el encargado de los galpones que vive en el lugar, de 47 a\u00f1os y empleado en blanco de Qu\u00e9 Rico seg\u00fan registros comerciales. Fue encontrado por Mastorchio, presente en el allanamiento de ayer a cargo de la divisi\u00f3n Trata de Personas de la PFA. El acusado, identificado como Aguilar, curiosamente, no qued\u00f3 detenido: su defensor oficial present\u00f3 una eximici\u00f3n de prisi\u00f3n. La explotaci\u00f3n laboral qued\u00f3 en manos de Mastorchio, al ser jefe de una fiscal\u00eda especializada. El abuso sexual es investigado por otra dependencia de la zona.<br \/>\nEl imputado le hab\u00eda ofrecido trabajo a menores de la zona, sin embargo, \u201clas condiciones no eran las adecuadas. Deb\u00edan manipular agroqu\u00edmicos sin ning\u00fan tipo de protecci\u00f3n, desmalezar los terrenos, cargar pollos vivos en los camiones\u201d, apunta el fiscal. Su sueldo no estaba plenamente garantizado: el encargado est\u00e1 acusado de amenazarlos con no pagarles o expulsarlos a menos que lo toquen o que se dejan tocar por \u00e9l. \u201cLos abusos habr\u00edan ocurrido en las duchas que los empleados deb\u00edan tomar al entrar y salir de la planta; ah\u00ed, el acusado habr\u00eda aprovechado para espiarlos y tocarlos\u201d, asevera Mastorchio. Un joven mayor de edad, de 22 a\u00f1os, tambi\u00e9n trabajador del lugar, declar\u00f3 contra \u00e9l y afirm\u00f3 que fue v\u00edctima de toqueteos bajo extorsi\u00f3n.<\/p>\n<p>En el operativo se incaut\u00f3 un rifle, una vieja revista pornogr\u00e1fica y una memoria de una c\u00e1mara filmadora que ser\u00e1 peritada. Por lo pronto, la sospecha no se agota en el encargado: el fiscal del caso tiene fuertes sospechas sobre el supervisor de la planta de gallinas, un ingeniero agr\u00f3nomo.<\/p>\n","protected":false},"excerpt":{"rendered":"<p>En septiembre, la productora de pollos \u201cQu\u00e9 Rico\u201d fue v\u00edctima de uno de los robos m\u00e1s resonantes del a\u00f1o. Ayer, un encargado de los criaderos de la firma en Pergamino fue imputado por contratar menores de la zona, extorsionarlos y abusar de ellos en las duchas. El 19 de septiembre pasado, el apoderado de la [&hellip;]<\/p>\n","protected":false},"author":4,"featured_media":9862,"comment_status":"open","ping_status":"closed","sticky":false,"template":"","format":"standard","meta":{"om_disable_all_campaigns":false,"_jetpack_memberships_contains_paid_content":false,"footnotes":""},"categories":[50,621],"tags":[],"class_list":["post-9861","post","type-post","status-publish","format-standard","has-post-thumbnail","hentry","category-destacadas","category-regionales"],"aioseo_notices":[],"gutentor_comment":0,"jetpack_featured_media_url":"https:\/\/eldiariodesanpedro.com.ar\/sitio\/wp-content\/uploads\/2016\/11\/PAGINA-6.jpeg","jetpack_shortlink":"https:\/\/wp.me\/p6RhLt-2z3","jetpack_sharing_enabled":true,"_links":{"self":[{"href":"https:\/\/eldiariodesanpedro.com.ar\/sitio\/wp-json\/wp\/v2\/posts\/9861","targetHints":{"allow":["GET"]}}],"collection":[{"href":"https:\/\/eldiariodesanpedro.com.ar\/sitio\/wp-json\/wp\/v2\/posts"}],"about":[{"href":"https:\/\/eldiariodesanpedro.com.ar\/sitio\/wp-json\/wp\/v2\/types\/post"}],"author":[{"embeddable":true,"href":"https:\/\/eldiariodesanpedro.com.ar\/sitio\/wp-json\/wp\/v2\/users\/4"}],"replies":[{"embeddable":true,"href":"https:\/\/eldiariodesanpedro.com.ar\/sitio\/wp-json\/wp\/v2\/comments?post=9861"}],"version-history":[{"count":2,"href":"https:\/\/eldiariodesanpedro.com.ar\/sitio\/wp-json\/wp\/v2\/posts\/9861\/revisions"}],"predecessor-version":[{"id":9877,"href":"https:\/\/eldiariodesanpedro.com.ar\/sitio\/wp-json\/wp\/v2\/posts\/9861\/revisions\/9877"}],"wp:featuredmedia":[{"embeddable":true,"href":"https:\/\/eldiariodesanpedro.com.ar\/sitio\/wp-json\/wp\/v2\/media\/9862"}],"wp:attachment":[{"href":"https:\/\/eldiariodesanpedro.com.ar\/sitio\/wp-json\/wp\/v2\/media?parent=9861"}],"wp:term":[{"taxonomy":"category","embeddable":true,"href":"https:\/\/eldiariodesanpedro.com.ar\/sitio\/wp-json\/wp\/v2\/categories?post=9861"},{"taxonomy":"post_tag","embeddable":true,"href":"https:\/\/eldiariodesanpedro.com.ar\/sitio\/wp-json\/wp\/v2\/tags?post=9861"}],"curies":[{"name":"wp","href":"https:\/\/api.w.org\/{rel}","templated":true}]}}