{"id":98596,"date":"2021-09-07T14:22:01","date_gmt":"2021-09-07T17:22:01","guid":{"rendered":"https:\/\/eldiariodesanpedro.com.ar\/sitio\/?p=98596"},"modified":"2021-09-07T14:22:11","modified_gmt":"2021-09-07T17:22:11","slug":"adhesion-al-feriado-local-por-el-dia-de-la-virgen-del-socorro-2","status":"publish","type":"post","link":"https:\/\/eldiariodesanpedro.com.ar\/sitio\/adhesion-al-feriado-local-por-el-dia-de-la-virgen-del-socorro-2\/","title":{"rendered":"Adhesi\u00f3n al feriado local por el D\u00eda de la Virgen del Socorro"},"content":{"rendered":"<!-- VideographyWP Plugin Message: Automatic video embedding prevented by plugin options. -->\n\n<p>COOPSER informa que ma\u00f1ana&nbsp;<strong>mi\u00e9rcoles 8 de septiembre<\/strong>, en adhesi\u00f3n del decreto municipal 1012\/2021 por el D\u00eda de Nuestra Se\u00f1ora del Socorro, Patrona de San Pedro, adherir\u00e1 a la declaraci\u00f3n de D\u00eda No Laborable para la Administraci\u00f3n P\u00fablica Local e Instituciones Provinciales y feriado optativo para la Industria y el Comercio.<\/p>\n\n\n\n<p><strong>Por tal motivo, la Cooperativa y el Sanatorio no tendr\u00e1n atenci\u00f3n al p\u00fablico y s\u00f3lo funcionar\u00e1n sus guardias.<\/strong><\/p>\n","protected":false},"excerpt":{"rendered":"<p>COOPSER informa que ma\u00f1ana&nbsp;mi\u00e9rcoles 8 de septiembre, en adhesi\u00f3n del decreto municipal 1012\/2021 por el D\u00eda de Nuestra Se\u00f1ora del Socorro, Patrona de San Pedro, adherir\u00e1 a la declaraci\u00f3n de D\u00eda No Laborable para la Administraci\u00f3n P\u00fablica Local e Instituciones Provinciales y feriado optativo para la Industria y el Comercio. Por tal motivo, la Cooperativa [&hellip;]<\/p>\n","protected":false},"author":4,"featured_media":71422,"comment_status":"closed","ping_status":"closed","sticky":false,"template":"","format":"standard","meta":{"om_disable_all_campaigns":false,"_jetpack_memberships_contains_paid_content":false,"footnotes":""},"categories":[101,2],"tags":[],"class_list":["post-98596","post","type-post","status-publish","format-standard","has-post-thumbnail","hentry","category-interes-general-locales","category-locales"],"aioseo_notices":[],"gutentor_comment":0,"jetpack_featured_media_url":"https:\/\/eldiariodesanpedro.com.ar\/sitio\/wp-content\/uploads\/2020\/04\/unnamed.jpg","jetpack_shortlink":"https:\/\/wp.me\/p6RhLt-pEg","jetpack_sharing_enabled":true,"_links":{"self":[{"href":"https:\/\/eldiariodesanpedro.com.ar\/sitio\/wp-json\/wp\/v2\/posts\/98596","targetHints":{"allow":["GET"]}}],"collection":[{"href":"https:\/\/eldiariodesanpedro.com.ar\/sitio\/wp-json\/wp\/v2\/posts"}],"about":[{"href":"https:\/\/eldiariodesanpedro.com.ar\/sitio\/wp-json\/wp\/v2\/types\/post"}],"author":[{"embeddable":true,"href":"https:\/\/eldiariodesanpedro.com.ar\/sitio\/wp-json\/wp\/v2\/users\/4"}],"replies":[{"embeddable":true,"href":"https:\/\/eldiariodesanpedro.com.ar\/sitio\/wp-json\/wp\/v2\/comments?post=98596"}],"version-history":[{"count":1,"href":"https:\/\/eldiariodesanpedro.com.ar\/sitio\/wp-json\/wp\/v2\/posts\/98596\/revisions"}],"predecessor-version":[{"id":98597,"href":"https:\/\/eldiariodesanpedro.com.ar\/sitio\/wp-json\/wp\/v2\/posts\/98596\/revisions\/98597"}],"wp:featuredmedia":[{"embeddable":true,"href":"https:\/\/eldiariodesanpedro.com.ar\/sitio\/wp-json\/wp\/v2\/media\/71422"}],"wp:attachment":[{"href":"https:\/\/eldiariodesanpedro.com.ar\/sitio\/wp-json\/wp\/v2\/media?parent=98596"}],"wp:term":[{"taxonomy":"category","embeddable":true,"href":"https:\/\/eldiariodesanpedro.com.ar\/sitio\/wp-json\/wp\/v2\/categories?post=98596"},{"taxonomy":"post_tag","embeddable":true,"href":"https:\/\/eldiariodesanpedro.com.ar\/sitio\/wp-json\/wp\/v2\/tags?post=98596"}],"curies":[{"name":"wp","href":"https:\/\/api.w.org\/{rel}","templated":true}]}}