{"id":98594,"date":"2021-09-07T11:34:04","date_gmt":"2021-09-07T14:34:04","guid":{"rendered":"https:\/\/eldiariodesanpedro.com.ar\/sitio\/?p=98594"},"modified":"2021-09-07T11:34:08","modified_gmt":"2021-09-07T14:34:08","slug":"principio-de-acuerdo-para-condenar-a-sebastian-dotti","status":"publish","type":"post","link":"https:\/\/eldiariodesanpedro.com.ar\/sitio\/principio-de-acuerdo-para-condenar-a-sebastian-dotti\/","title":{"rendered":"Principio de acuerdo para condenar a Sebasti\u00e1n Dotti"},"content":{"rendered":"<!-- VideographyWP Plugin Message: Automatic video embedding prevented by plugin options. -->\n\n<p>Est\u00e1 acusado de asesinar a El\u00edas Chaves en octubre de 2019. La fiscal\u00eda y su defensa acordaron 8 a\u00f1os de prisi\u00f3n pero resta la rubrica del Tribunal.<\/p>\n\n\n\n<p>En los pr\u00f3ximo d\u00edas se conocer\u00e1 la condena que le ser\u00e1 aplicada a Sebasti\u00e1n Dotti, el hombre de 31 a\u00f1os que el&nbsp;25 de octubre de 2019 mat\u00f3 a El\u00edas Ch\u00e1ves (40 a\u00f1os) en pleno centro de la ciudad y por una discusi\u00f3n de tr\u00e1nsito.<\/p>\n\n\n\n<p>Tanto la fiscal\u00eda que instruy\u00f3 el caso, a cargo de la Dra. Viviana Ramos, y el defensor de Dotti, el Dr. Agust\u00edn Tanus, acordaron una condena de 8 a\u00f1os de prisi\u00f3n mediante la figura del juicio abreviado y ahora deber\u00e1 ser aprobado por los jueces del Tribunal.<\/p>\n\n\n\n<p>Dotti est\u00e1 acusado de asesinar de dos puntazos a Ch\u00e1ves quien esa madrugada cruz\u00f3 su auto sobre el del agresor, baj\u00f3 y se dirigi\u00f3 hasta el otro veh\u00edculo, lleg\u00f3 a pegarle pero Dotti extrajo un arma blanca y desde arriba mismo del auto le aplic\u00f3 dos puntazos a la v\u00edctima quien muri\u00f3 pr\u00e1cticamente en el acto.<\/p>\n\n\n\n<p>Fuente: <a href=\"https:\/\/www.sanpedroinforma.com.ar\/news-124438-Importante-firma-de-convenio-entre-el-museo-Paleontol%C3%B3gico-y-la-UBA\">San Pedro informa<\/a><\/p>\n","protected":false},"excerpt":{"rendered":"<p>Est\u00e1 acusado de asesinar a El\u00edas Chaves en octubre de 2019. La fiscal\u00eda y su defensa acordaron 8 a\u00f1os de prisi\u00f3n pero resta la rubrica del Tribunal. En los pr\u00f3ximo d\u00edas se conocer\u00e1 la condena que le ser\u00e1 aplicada a Sebasti\u00e1n Dotti, el hombre de 31 a\u00f1os que el&nbsp;25 de octubre de 2019 mat\u00f3 a [&hellip;]<\/p>\n","protected":false},"author":4,"featured_media":98590,"comment_status":"closed","ping_status":"closed","sticky":false,"template":"","format":"standard","meta":{"om_disable_all_campaigns":false,"_jetpack_memberships_contains_paid_content":false,"footnotes":""},"categories":[50,2,103],"tags":[197,33,95,19,2338],"class_list":["post-98594","post","type-post","status-publish","format-standard","has-post-thumbnail","hentry","category-destacadas","category-locales","category-policiales-locales","tag-buenos-aires","tag-locales","tag-policiales","tag-san-pedro","tag-sebastian-dotti"],"aioseo_notices":[],"gutentor_comment":0,"jetpack_featured_media_url":"https:\/\/eldiariodesanpedro.com.ar\/sitio\/wp-content\/uploads\/2021\/09\/0000020290-resized-1920x1080-1.jpg","jetpack_shortlink":"https:\/\/wp.me\/p6RhLt-pEe","jetpack_sharing_enabled":true,"_links":{"self":[{"href":"https:\/\/eldiariodesanpedro.com.ar\/sitio\/wp-json\/wp\/v2\/posts\/98594","targetHints":{"allow":["GET"]}}],"collection":[{"href":"https:\/\/eldiariodesanpedro.com.ar\/sitio\/wp-json\/wp\/v2\/posts"}],"about":[{"href":"https:\/\/eldiariodesanpedro.com.ar\/sitio\/wp-json\/wp\/v2\/types\/post"}],"author":[{"embeddable":true,"href":"https:\/\/eldiariodesanpedro.com.ar\/sitio\/wp-json\/wp\/v2\/users\/4"}],"replies":[{"embeddable":true,"href":"https:\/\/eldiariodesanpedro.com.ar\/sitio\/wp-json\/wp\/v2\/comments?post=98594"}],"version-history":[{"count":1,"href":"https:\/\/eldiariodesanpedro.com.ar\/sitio\/wp-json\/wp\/v2\/posts\/98594\/revisions"}],"predecessor-version":[{"id":98595,"href":"https:\/\/eldiariodesanpedro.com.ar\/sitio\/wp-json\/wp\/v2\/posts\/98594\/revisions\/98595"}],"wp:featuredmedia":[{"embeddable":true,"href":"https:\/\/eldiariodesanpedro.com.ar\/sitio\/wp-json\/wp\/v2\/media\/98590"}],"wp:attachment":[{"href":"https:\/\/eldiariodesanpedro.com.ar\/sitio\/wp-json\/wp\/v2\/media?parent=98594"}],"wp:term":[{"taxonomy":"category","embeddable":true,"href":"https:\/\/eldiariodesanpedro.com.ar\/sitio\/wp-json\/wp\/v2\/categories?post=98594"},{"taxonomy":"post_tag","embeddable":true,"href":"https:\/\/eldiariodesanpedro.com.ar\/sitio\/wp-json\/wp\/v2\/tags?post=98594"}],"curies":[{"name":"wp","href":"https:\/\/api.w.org\/{rel}","templated":true}]}}