{"id":98585,"date":"2021-09-07T11:23:13","date_gmt":"2021-09-07T14:23:13","guid":{"rendered":"https:\/\/eldiariodesanpedro.com.ar\/sitio\/?p=98585"},"modified":"2021-09-07T11:23:14","modified_gmt":"2021-09-07T14:23:14","slug":"allanamiento-recuperaron-pertenencias-robadas-a-un-mensajero-de-ecoviajes-6-aprehendidos","status":"publish","type":"post","link":"https:\/\/eldiariodesanpedro.com.ar\/sitio\/allanamiento-recuperaron-pertenencias-robadas-a-un-mensajero-de-ecoviajes-6-aprehendidos\/","title":{"rendered":"Allanamiento: recuperaron pertenencias robadas a un mensajero de Ecoviajes, 6 aprehendidos"},"content":{"rendered":"<!-- VideographyWP Plugin Message: Automatic video embedding prevented by plugin options. -->\n\n<p>En la tarde de ayer la polic\u00eda de la comisar\u00eda local diligenci\u00f3 una orden de allanamiento extendida por la justicia ordinaria en un domicilio ubicado en calle Benefactora Sampedrina al 2900 donde reside un menor de 17 a\u00f1os de edad quien es acusado del robo.&nbsp;<\/p>\n\n\n\n<p>All\u00ed se procedi\u00f3 al secuestro de parte de los elementos sustra\u00eddos y que eran buscados en la orden judicial, c\u00f3mo as\u00ed r\u00e9plica de arma de fuego utilizada para el hecho delictivo, y seis plantas de marihuana en producci\u00f3n.&nbsp;<\/p>\n\n\n\n<p>En el lugar se hallaban otros cinco masculinos&nbsp; de entre 19 y 22 a\u00f1os de edad, todos los ocupantes fueron trasladados a sede policial d\u00f3nde fueron puestos a disposici\u00f3n judicial y notificados de la imputaci\u00f3n por resultar part\u00edcipes del hecho.&nbsp;<\/p>\n\n\n\n<p>Respecto del menor fue puesto a disposici\u00f3n de la fiscal\u00eda de menores de San Nicol\u00e1s cumplimentandose recaudos legales.&nbsp;&nbsp;<\/p>\n\n\n\n<p>Todo en el marco de un hecho de robo ocurrido y denunciado el domingo pasado en horas de la noche en perjuicio de trabajador de ecoviajes ocurrido en Benefactora Sampedrinas al 2800 cuando enga\u00f1ado del traslado de un pedido fue abordado por delincuentes que lo despojaron de sus pertenencias. Contin\u00faa la investigaci\u00f3n la fiscal\u00eda ordinaria.<\/p>\n","protected":false},"excerpt":{"rendered":"<p>En la tarde de ayer la polic\u00eda de la comisar\u00eda local diligenci\u00f3 una orden de allanamiento extendida por la justicia ordinaria en un domicilio ubicado en calle Benefactora Sampedrina al 2900 donde reside un menor de 17 a\u00f1os de edad quien es acusado del robo.&nbsp; All\u00ed se procedi\u00f3 al secuestro de parte de los elementos [&hellip;]<\/p>\n","protected":false},"author":4,"featured_media":98586,"comment_status":"closed","ping_status":"closed","sticky":false,"template":"","format":"standard","meta":{"om_disable_all_campaigns":false,"_jetpack_memberships_contains_paid_content":false,"footnotes":""},"categories":[50,101,2],"tags":[],"class_list":["post-98585","post","type-post","status-publish","format-standard","has-post-thumbnail","hentry","category-destacadas","category-interes-general-locales","category-locales"],"aioseo_notices":[],"gutentor_comment":0,"jetpack_featured_media_url":"https:\/\/eldiariodesanpedro.com.ar\/sitio\/wp-content\/uploads\/2021\/09\/medida-9.jpg","jetpack_shortlink":"https:\/\/wp.me\/p6RhLt-pE5","jetpack_sharing_enabled":true,"_links":{"self":[{"href":"https:\/\/eldiariodesanpedro.com.ar\/sitio\/wp-json\/wp\/v2\/posts\/98585","targetHints":{"allow":["GET"]}}],"collection":[{"href":"https:\/\/eldiariodesanpedro.com.ar\/sitio\/wp-json\/wp\/v2\/posts"}],"about":[{"href":"https:\/\/eldiariodesanpedro.com.ar\/sitio\/wp-json\/wp\/v2\/types\/post"}],"author":[{"embeddable":true,"href":"https:\/\/eldiariodesanpedro.com.ar\/sitio\/wp-json\/wp\/v2\/users\/4"}],"replies":[{"embeddable":true,"href":"https:\/\/eldiariodesanpedro.com.ar\/sitio\/wp-json\/wp\/v2\/comments?post=98585"}],"version-history":[{"count":1,"href":"https:\/\/eldiariodesanpedro.com.ar\/sitio\/wp-json\/wp\/v2\/posts\/98585\/revisions"}],"predecessor-version":[{"id":98587,"href":"https:\/\/eldiariodesanpedro.com.ar\/sitio\/wp-json\/wp\/v2\/posts\/98585\/revisions\/98587"}],"wp:featuredmedia":[{"embeddable":true,"href":"https:\/\/eldiariodesanpedro.com.ar\/sitio\/wp-json\/wp\/v2\/media\/98586"}],"wp:attachment":[{"href":"https:\/\/eldiariodesanpedro.com.ar\/sitio\/wp-json\/wp\/v2\/media?parent=98585"}],"wp:term":[{"taxonomy":"category","embeddable":true,"href":"https:\/\/eldiariodesanpedro.com.ar\/sitio\/wp-json\/wp\/v2\/categories?post=98585"},{"taxonomy":"post_tag","embeddable":true,"href":"https:\/\/eldiariodesanpedro.com.ar\/sitio\/wp-json\/wp\/v2\/tags?post=98585"}],"curies":[{"name":"wp","href":"https:\/\/api.w.org\/{rel}","templated":true}]}}