{"id":98578,"date":"2021-09-07T10:47:22","date_gmt":"2021-09-07T13:47:22","guid":{"rendered":"https:\/\/eldiariodesanpedro.com.ar\/sitio\/?p=98578"},"modified":"2021-09-07T10:47:25","modified_gmt":"2021-09-07T13:47:25","slug":"reunion-del-circulo-medico-de-san-pedro-con-entidades-medicas-de-la-provincia-de-buenos-aires","status":"publish","type":"post","link":"https:\/\/eldiariodesanpedro.com.ar\/sitio\/reunion-del-circulo-medico-de-san-pedro-con-entidades-medicas-de-la-provincia-de-buenos-aires\/","title":{"rendered":"Reuni\u00f3n del C\u00edrculo M\u00e9dico de San Pedro con entidades m\u00e9dicas de la provincia de Buenos Aires"},"content":{"rendered":"<!-- VideographyWP Plugin Message: Automatic video embedding prevented by plugin options. -->\n\n<p>El d\u00eda 1\u00b0 de septiembre el C\u00edrculo M\u00e9dico de San Pedro particip\u00f3 de un encuentro de entidades m\u00e9dicas de la provincia de Buenos Aires en la sede de FEMEBA &#8211; Federaci\u00f3n M\u00e9dica de la Provincia de Buenos Aires.<\/p>\n\n\n\n<p>El objetivo de la reuni\u00f3n fue analizar la situaci\u00f3n de cada una de las entidades, su problem\u00e1tica y realizar un an\u00e1lisis de situaci\u00f3n del sistema de atenci\u00f3n. Las autoridades de las organizaciones participantes manifestaron su preocupaci\u00f3n por la situaci\u00f3n laboral de los m\u00e9dicos a quienes representan y la necesidad de mejorar la calidad de trabajo de los mismos.<\/p>\n\n\n\n<p>Se abordaron tem\u00e1ticas del sector salud y se puso \u00e9nfasis en la importancia de la participaci\u00f3n de las entidades representativas de la salud.<\/p>\n\n\n\n<p>Por \u00faltimo, las entidades presentes concertaron continuar con estos encuentros a los fines de acordar una pol\u00edtica com\u00fan que permita dar soluci\u00f3n a las problem\u00e1ticas expuestas.<\/p>\n\n\n\n<p>Participaron del encuentro, autoridades de:<br>AMRA &#8211; Asociaci\u00f3n de M\u00e9dicos de la Rep\u00fablica Argentina<br>Caja de Previsi\u00f3n y Seguro M\u00e9dico de la Provincia de Buenos Aires<br>CEMIBO &#8211; Concertaci\u00f3n de Entidades M\u00e9dicas Independientes Bonaerenses, representados por:<br>AMP &#8211; Agremiaci\u00f3n M\u00e9dica Platense<br>Centro M\u00e9dico de Mar del Plata<br>C\u00edrculo M\u00e9dico de San Pedro<br>C\u00edrculo M\u00e9dico de Tandil<br>FEMEBA &#8211; Federaci\u00f3n M\u00e9dica de la Provincia de Buenos Aires<br>FEMECON &#8211; Federaci\u00f3n M\u00e9dica del Conurbano,<br>SPA &#8211;\u00a0 Sociedad Platense de Anestesiolog\u00eda.<\/p>\n","protected":false},"excerpt":{"rendered":"<p>El d\u00eda 1\u00b0 de septiembre el C\u00edrculo M\u00e9dico de San Pedro particip\u00f3 de un encuentro de entidades m\u00e9dicas de la provincia de Buenos Aires en la sede de FEMEBA &#8211; Federaci\u00f3n M\u00e9dica de la Provincia de Buenos Aires. El objetivo de la reuni\u00f3n fue analizar la situaci\u00f3n de cada una de las entidades, su problem\u00e1tica [&hellip;]<\/p>\n","protected":false},"author":4,"featured_media":98579,"comment_status":"closed","ping_status":"closed","sticky":false,"template":"","format":"standard","meta":{"om_disable_all_campaigns":false,"_jetpack_memberships_contains_paid_content":false,"footnotes":""},"categories":[50,101,2],"tags":[],"class_list":["post-98578","post","type-post","status-publish","format-standard","has-post-thumbnail","hentry","category-destacadas","category-interes-general-locales","category-locales"],"aioseo_notices":[],"gutentor_comment":0,"jetpack_featured_media_url":"https:\/\/eldiariodesanpedro.com.ar\/sitio\/wp-content\/uploads\/2021\/09\/image-1.png","jetpack_shortlink":"https:\/\/wp.me\/p6RhLt-pDY","jetpack_sharing_enabled":true,"_links":{"self":[{"href":"https:\/\/eldiariodesanpedro.com.ar\/sitio\/wp-json\/wp\/v2\/posts\/98578","targetHints":{"allow":["GET"]}}],"collection":[{"href":"https:\/\/eldiariodesanpedro.com.ar\/sitio\/wp-json\/wp\/v2\/posts"}],"about":[{"href":"https:\/\/eldiariodesanpedro.com.ar\/sitio\/wp-json\/wp\/v2\/types\/post"}],"author":[{"embeddable":true,"href":"https:\/\/eldiariodesanpedro.com.ar\/sitio\/wp-json\/wp\/v2\/users\/4"}],"replies":[{"embeddable":true,"href":"https:\/\/eldiariodesanpedro.com.ar\/sitio\/wp-json\/wp\/v2\/comments?post=98578"}],"version-history":[{"count":1,"href":"https:\/\/eldiariodesanpedro.com.ar\/sitio\/wp-json\/wp\/v2\/posts\/98578\/revisions"}],"predecessor-version":[{"id":98580,"href":"https:\/\/eldiariodesanpedro.com.ar\/sitio\/wp-json\/wp\/v2\/posts\/98578\/revisions\/98580"}],"wp:featuredmedia":[{"embeddable":true,"href":"https:\/\/eldiariodesanpedro.com.ar\/sitio\/wp-json\/wp\/v2\/media\/98579"}],"wp:attachment":[{"href":"https:\/\/eldiariodesanpedro.com.ar\/sitio\/wp-json\/wp\/v2\/media?parent=98578"}],"wp:term":[{"taxonomy":"category","embeddable":true,"href":"https:\/\/eldiariodesanpedro.com.ar\/sitio\/wp-json\/wp\/v2\/categories?post=98578"},{"taxonomy":"post_tag","embeddable":true,"href":"https:\/\/eldiariodesanpedro.com.ar\/sitio\/wp-json\/wp\/v2\/tags?post=98578"}],"curies":[{"name":"wp","href":"https:\/\/api.w.org\/{rel}","templated":true}]}}