{"id":9857,"date":"2016-11-07T18:42:16","date_gmt":"2016-11-07T21:42:16","guid":{"rendered":"https:\/\/eldiariodesanpedro.com.ar\/sitio\/?p=9857"},"modified":"2016-11-07T18:42:16","modified_gmt":"2016-11-07T21:42:16","slug":"se-desarrollara-el-seminario-la-direccion-de-aduanas-en-el-comercio-exterior-argentino","status":"publish","type":"post","link":"https:\/\/eldiariodesanpedro.com.ar\/sitio\/se-desarrollara-el-seminario-la-direccion-de-aduanas-en-el-comercio-exterior-argentino\/","title":{"rendered":"Se desarrollar\u00e1 el seminario \u201cLa Direcci\u00f3n de Aduanas en el comercio exterior argentino\u201d"},"content":{"rendered":"<p><!-- VideographyWP Plugin Message: Automatic video embedding prevented by plugin options. --><br \/>\nSe trata de un seminario que cuenta con certificado por educaci\u00f3n tributaria de AFIP, que ha sido denominado \u201cLa Direcci\u00f3n de Aduanas en el comercio exterior argentino\u201d. El mismo tendr\u00e1 lugar este mi\u00e9rcoles 9 de noviembre de 20.00 a 22.00 en el Sal\u00f3n de Actos de la Escuela Normal.<\/p>\n<p>El seminario cuenta con la organizaci\u00f3n del Instituto Superior N\u00ba 118, Educaci\u00f3n Tributaria AFIP y con la colaboraci\u00f3n de Mart\u00edn Fosser.<\/p>\n<p>Los temas que se tratar\u00e1n son:<\/p>\n<p>*La Administraci\u00f3n Federal de Ingresos P\u00fablicos, organismos que la componen y funciones de cada uno.<br \/>\n*La Direcci\u00f3n de Aduanas, funci\u00f3n y misi\u00f3n. Organizaci\u00f3n Administrativas.<br \/>\n*Conceptos b\u00e1sicos del derecho aduanero, territorio aduanero, mercader\u00eda y exportaci\u00f3n e importaci\u00f3n.<br \/>\n*Derechos aduaneros y r\u00e9gimen de prohibiciones.<br \/>\n*Mecanismo de control utilizados por la DGA.<\/p>\n<p>Las inscripciones pueden hacerse a trav\u00e9s de los alumnos de 3\u00ba a\u00f1o de la Tecnicatura Superior en Administraci\u00f3n P\u00fablica.<\/p>\n<p><a href=\"https:\/\/eldiariodesanpedro.com.ar\/sitio\/wp-content\/uploads\/2016\/11\/PAGINA-4.jpeg\"><img decoding=\"async\" data-attachment-id=\"9858\" data-permalink=\"https:\/\/eldiariodesanpedro.com.ar\/sitio\/se-desarrollara-el-seminario-la-direccion-de-aduanas-en-el-comercio-exterior-argentino\/pagina-4-131\/\" data-orig-file=\"https:\/\/eldiariodesanpedro.com.ar\/sitio\/wp-content\/uploads\/2016\/11\/PAGINA-4.jpeg\" data-orig-size=\"600,850\" data-comments-opened=\"1\" data-image-meta=\"{&quot;aperture&quot;:&quot;0&quot;,&quot;credit&quot;:&quot;&quot;,&quot;camera&quot;:&quot;&quot;,&quot;caption&quot;:&quot;&quot;,&quot;created_timestamp&quot;:&quot;0&quot;,&quot;copyright&quot;:&quot;&quot;,&quot;focal_length&quot;:&quot;0&quot;,&quot;iso&quot;:&quot;0&quot;,&quot;shutter_speed&quot;:&quot;0&quot;,&quot;title&quot;:&quot;&quot;,&quot;orientation&quot;:&quot;0&quot;}\" data-image-title=\"pagina-4\" data-image-description=\"\" data-image-caption=\"\" data-large-file=\"https:\/\/eldiariodesanpedro.com.ar\/sitio\/wp-content\/uploads\/2016\/11\/PAGINA-4.jpeg\" class=\"alignnone size-medium wp-image-9858 lazyload\" data-src=\"https:\/\/eldiariodesanpedro.com.ar\/sitio\/wp-content\/uploads\/2016\/11\/PAGINA-4-212x300.jpeg\" alt=\"pagina-4\" width=\"212\" height=\"300\" data-srcset=\"https:\/\/eldiariodesanpedro.com.ar\/sitio\/wp-content\/uploads\/2016\/11\/PAGINA-4-212x300.jpeg 212w, https:\/\/eldiariodesanpedro.com.ar\/sitio\/wp-content\/uploads\/2016\/11\/PAGINA-4.jpeg 600w\" data-sizes=\"(max-width: 212px) 100vw, 212px\" src=\"data:image\/svg+xml;base64,PHN2ZyB3aWR0aD0iMSIgaGVpZ2h0PSIxIiB4bWxucz0iaHR0cDovL3d3dy53My5vcmcvMjAwMC9zdmciPjwvc3ZnPg==\" style=\"--smush-placeholder-width: 212px; --smush-placeholder-aspect-ratio: 212\/300;\" \/><\/a><\/p>\n","protected":false},"excerpt":{"rendered":"<p>Se trata de un seminario que cuenta con certificado por educaci\u00f3n tributaria de AFIP, que ha sido denominado \u201cLa Direcci\u00f3n de Aduanas en el comercio exterior argentino\u201d. El mismo tendr\u00e1 lugar este mi\u00e9rcoles 9 de noviembre de 20.00 a 22.00 en el Sal\u00f3n de Actos de la Escuela Normal. El seminario cuenta con la organizaci\u00f3n [&hellip;]<\/p>\n","protected":false},"author":4,"featured_media":9858,"comment_status":"open","ping_status":"closed","sticky":false,"template":"","format":"standard","meta":{"om_disable_all_campaigns":false,"_jetpack_memberships_contains_paid_content":false,"footnotes":""},"categories":[101,2],"tags":[],"class_list":["post-9857","post","type-post","status-publish","format-standard","has-post-thumbnail","hentry","category-interes-general-locales","category-locales"],"aioseo_notices":[],"gutentor_comment":0,"jetpack_featured_media_url":"https:\/\/eldiariodesanpedro.com.ar\/sitio\/wp-content\/uploads\/2016\/11\/PAGINA-4.jpeg","jetpack_shortlink":"https:\/\/wp.me\/p6RhLt-2yZ","jetpack_sharing_enabled":true,"_links":{"self":[{"href":"https:\/\/eldiariodesanpedro.com.ar\/sitio\/wp-json\/wp\/v2\/posts\/9857","targetHints":{"allow":["GET"]}}],"collection":[{"href":"https:\/\/eldiariodesanpedro.com.ar\/sitio\/wp-json\/wp\/v2\/posts"}],"about":[{"href":"https:\/\/eldiariodesanpedro.com.ar\/sitio\/wp-json\/wp\/v2\/types\/post"}],"author":[{"embeddable":true,"href":"https:\/\/eldiariodesanpedro.com.ar\/sitio\/wp-json\/wp\/v2\/users\/4"}],"replies":[{"embeddable":true,"href":"https:\/\/eldiariodesanpedro.com.ar\/sitio\/wp-json\/wp\/v2\/comments?post=9857"}],"version-history":[{"count":2,"href":"https:\/\/eldiariodesanpedro.com.ar\/sitio\/wp-json\/wp\/v2\/posts\/9857\/revisions"}],"predecessor-version":[{"id":9860,"href":"https:\/\/eldiariodesanpedro.com.ar\/sitio\/wp-json\/wp\/v2\/posts\/9857\/revisions\/9860"}],"wp:featuredmedia":[{"embeddable":true,"href":"https:\/\/eldiariodesanpedro.com.ar\/sitio\/wp-json\/wp\/v2\/media\/9858"}],"wp:attachment":[{"href":"https:\/\/eldiariodesanpedro.com.ar\/sitio\/wp-json\/wp\/v2\/media?parent=9857"}],"wp:term":[{"taxonomy":"category","embeddable":true,"href":"https:\/\/eldiariodesanpedro.com.ar\/sitio\/wp-json\/wp\/v2\/categories?post=9857"},{"taxonomy":"post_tag","embeddable":true,"href":"https:\/\/eldiariodesanpedro.com.ar\/sitio\/wp-json\/wp\/v2\/tags?post=9857"}],"curies":[{"name":"wp","href":"https:\/\/api.w.org\/{rel}","templated":true}]}}