{"id":9854,"date":"2016-11-07T18:39:49","date_gmt":"2016-11-07T21:39:49","guid":{"rendered":"https:\/\/eldiariodesanpedro.com.ar\/sitio\/?p=9854"},"modified":"2016-11-07T21:04:07","modified_gmt":"2016-11-08T00:04:07","slug":"concejales-propone-la-creacion-de-una-comision-revisora-del-codigo-de-transito","status":"publish","type":"post","link":"https:\/\/eldiariodesanpedro.com.ar\/sitio\/concejales-propone-la-creacion-de-una-comision-revisora-del-codigo-de-transito\/","title":{"rendered":"Concejales proponen la creaci\u00f3n de una comisi\u00f3n revisora del C\u00f3digo de Tr\u00e1nsito"},"content":{"rendered":"<p><!-- VideographyWP Plugin Message: Automatic video embedding prevented by plugin options. --><br \/>\nEl proyecto fue elaborado por los ediles Trelles, Mosquera y S\u00e1nchez del bloque PJ-FPV y Am\u00e9rico Quintana de Doctrina y Convicci\u00f3n Peronista. La iniciativa tiene como objetivo crear dicha comisi\u00f3n, que revisar\u00e1 el \u00abC\u00f3digo de Tr\u00e1nsito, y Reglamento de Procedimientos, faltas y sanciones\u00bb.<\/p>\n<p>Para ello se pretende modificar las ordenanzas: 3928\/85 de Tr\u00e1nsito de caminos, calles y uso de la v\u00eda p\u00fablica, el Art. 41 de la N\u00b0 3975, el Art. 28 de la N\u00b0 3978, agregados por la Ordenanza N\u00b0 4545.<\/p>\n<p>Tambi\u00e9n se quiere cambiar el Art. N\u00b0 36, los incisos d) y e) de la normativa N\u00b0 4667 (derogada por la Ordenanza N\u00b0 4737\/93). Lo mismo que la N\u00b0 5492 (modificada por la N\u00b0 5663).<\/p>\n<p>Entre los \u201cconsiderandos\u201d los ediles expresan:<\/p>\n<p>Que asimismo el Reglamento de Procedimientos, faltas y sanciones para el Partido de San Pedro (Ordenanza 3884\/85 se agrega arto N\u00b0 536 por Ordenanza N\u00b0 3.968.- modificaci\u00f3n art. N\u00b0 69 por ordenanza N\u00b0 4.079.- derogaci\u00f3n arto N\u00b0 360 , N\u00b0 361 y N\u00b0 362 por Ordenanza N\u00b0 4471 modificaci\u00f3n art. N\u00b0 196 por Ordenanza N\u00b0 4.565), tambi\u00e9n ha sufrido diversas modificaciones.<\/p>\n<p>Que se hace necesario realizar un an\u00e1lisis exhaustivo de la legislaci\u00f3n para lograr un cuerpo uniforme e integral.<br \/>\nQue la necesidad de contemplar procedimientos simples y que permitan una activa participaci\u00f3n comunitaria, teniendo en cuenta el cambio social y las modificaciones estructurales del Estado, propician las reformas de la legislaci\u00f3n.<\/p>\n<p>Que una comisi\u00f3n revisora integrada por el DEM y Departamento Deliberativo podr\u00e1n readecuar las distintas normas, con sus actualizaciones, produciendo de esta manera un reordenamiento de los procedimientos vigentes.<br \/>\nQue ser\u00eda interesante que esta Comisi\u00f3n realice su labor fuera del periodo de sesiones ordinarias, para poder as\u00ed optimizar el tiempo en el arduo trabajo que conllevar\u00e1 la misma.<\/p>\n<p>Por todo ello, EL HONORABLE CONCEJO DELIBERANTE DE SAN PEDRO, en uso de sus atribuciones propone la siguiente\u00a0ORDENANZA:<\/p>\n<p>Art\u00edculo 1\u00b0: Cr\u00e9ase en el \u00e1mbito de la Municipalidad de San Pedro la COMISI\u00d3N REVISORA del C\u00f3digo de tr\u00e1nsito, y Reglamento de Procedimientos, faltas y sanciones.<br \/>\nArt\u00edculo 2\u00ba: La COMISI\u00d3N REVISORA estar\u00e1 integrada por el DEM representado por el Intendente Municipal; el Juez de Faltas; el secretario Legal y T\u00e9cnico; el Director de Tr\u00e1nsito y Nocturnidad; y el Secretario de Seguridad. En representaci\u00f3n del Honorable Concejo Deliberante concurr\u00eda un representante por cada Bloque Pol\u00edtico.<br \/>\nArt\u00edculo 3\u00b0: La COMISI\u00d3N REVISORA funcionar\u00e1 semanalmente en d\u00eda y horario a establecerse por parte de la Comisi\u00f3n.<\/p>\n<p>Art\u00edculo 4\u00b0: La COMISI\u00d3N REVISORA deber\u00e1:<\/p>\n<p>a) Dictar su Reglamento Interno de funcionamiento, deliberaci\u00f3n y resoluci\u00f3n.<br \/>\nb) Expresar su voluntad siempre por resoluciones debidamente fundadas.<\/p>\n","protected":false},"excerpt":{"rendered":"<p>El proyecto fue elaborado por los ediles Trelles, Mosquera y S\u00e1nchez del bloque PJ-FPV y Am\u00e9rico Quintana de Doctrina y Convicci\u00f3n Peronista. La iniciativa tiene como objetivo crear dicha comisi\u00f3n, que revisar\u00e1 el \u00abC\u00f3digo de Tr\u00e1nsito, y Reglamento de Procedimientos, faltas y sanciones\u00bb. Para ello se pretende modificar las ordenanzas: 3928\/85 de Tr\u00e1nsito de caminos, [&hellip;]<\/p>\n","protected":false},"author":4,"featured_media":9855,"comment_status":"open","ping_status":"closed","sticky":false,"template":"","format":"standard","meta":{"om_disable_all_campaigns":false,"_jetpack_memberships_contains_paid_content":false,"footnotes":""},"categories":[2,102],"tags":[],"class_list":["post-9854","post","type-post","status-publish","format-standard","has-post-thumbnail","hentry","category-locales","category-politica-locales"],"aioseo_notices":[],"gutentor_comment":0,"jetpack_featured_media_url":"https:\/\/eldiariodesanpedro.com.ar\/sitio\/wp-content\/uploads\/2016\/11\/transito.png","jetpack_shortlink":"https:\/\/wp.me\/p6RhLt-2yW","jetpack_sharing_enabled":true,"_links":{"self":[{"href":"https:\/\/eldiariodesanpedro.com.ar\/sitio\/wp-json\/wp\/v2\/posts\/9854","targetHints":{"allow":["GET"]}}],"collection":[{"href":"https:\/\/eldiariodesanpedro.com.ar\/sitio\/wp-json\/wp\/v2\/posts"}],"about":[{"href":"https:\/\/eldiariodesanpedro.com.ar\/sitio\/wp-json\/wp\/v2\/types\/post"}],"author":[{"embeddable":true,"href":"https:\/\/eldiariodesanpedro.com.ar\/sitio\/wp-json\/wp\/v2\/users\/4"}],"replies":[{"embeddable":true,"href":"https:\/\/eldiariodesanpedro.com.ar\/sitio\/wp-json\/wp\/v2\/comments?post=9854"}],"version-history":[{"count":2,"href":"https:\/\/eldiariodesanpedro.com.ar\/sitio\/wp-json\/wp\/v2\/posts\/9854\/revisions"}],"predecessor-version":[{"id":9878,"href":"https:\/\/eldiariodesanpedro.com.ar\/sitio\/wp-json\/wp\/v2\/posts\/9854\/revisions\/9878"}],"wp:featuredmedia":[{"embeddable":true,"href":"https:\/\/eldiariodesanpedro.com.ar\/sitio\/wp-json\/wp\/v2\/media\/9855"}],"wp:attachment":[{"href":"https:\/\/eldiariodesanpedro.com.ar\/sitio\/wp-json\/wp\/v2\/media?parent=9854"}],"wp:term":[{"taxonomy":"category","embeddable":true,"href":"https:\/\/eldiariodesanpedro.com.ar\/sitio\/wp-json\/wp\/v2\/categories?post=9854"},{"taxonomy":"post_tag","embeddable":true,"href":"https:\/\/eldiariodesanpedro.com.ar\/sitio\/wp-json\/wp\/v2\/tags?post=9854"}],"curies":[{"name":"wp","href":"https:\/\/api.w.org\/{rel}","templated":true}]}}