{"id":98505,"date":"2021-09-06T09:54:35","date_gmt":"2021-09-06T12:54:35","guid":{"rendered":"https:\/\/eldiariodesanpedro.com.ar\/sitio\/?p=98505"},"modified":"2021-09-06T09:54:39","modified_gmt":"2021-09-06T12:54:39","slug":"la-camara-de-martilleros-trabaja-en-una-revision-de-las-tasaciones-para-el-mercado-inmobiliario-local","status":"publish","type":"post","link":"https:\/\/eldiariodesanpedro.com.ar\/sitio\/la-camara-de-martilleros-trabaja-en-una-revision-de-las-tasaciones-para-el-mercado-inmobiliario-local\/","title":{"rendered":"La C\u00e1mara de Martilleros trabaja en una revisi\u00f3n de las tasaciones para el mercado inmobiliario local"},"content":{"rendered":"<!-- VideographyWP Plugin Message: Automatic video embedding prevented by plugin options. -->\n\n<p>Con el objetivo de intercambiar puntos de vista y compartir iniciativas que les brinden a todos los profesionales del sector inmobiliario, un nuevo marco de referencia para un posicionamiento acorde al contexto que se modific\u00f3 considerablemente tras lo vivido en el 2020, la C\u00e1mara de martilleros y corredores p\u00fablicos de San Pedro viene cumpliendo y planificando diferentes actividades.&nbsp;<\/p>\n\n\n\n<p>El desaf\u00edo es recuperar una proyecci\u00f3n de mediano y corto plazo atendiendo las variables particulares y generales del sector.<\/p>\n\n\n\n<p>La crisis econ\u00f3mica general, las restricciones cambiarias y la Pandemia de Covid-19, anularon referencias con las que es necesario contar para la actividad, dentro de par\u00e1metros que se intentan restablecer, m\u00e1s all\u00e1 de las estrategias de cada integrante del sector.<\/p>\n\n\n\n<p>En ese contexto desde la C\u00e1mara se han venido organizando reuniones&nbsp;<em>(foto)<\/em>&nbsp;para renovar los m\u00e9todos de c\u00e1lculo para las tasaciones, y dentro de las mismas se concretaron charlas con arquitectos, y se preparan otros encuentros que brinden mayor informaci\u00f3n para el sector.<\/p>\n\n\n\n<p>En la \u00faltima reuni\u00f3n con una importante participaci\u00f3n, ha crecido el trabajo en equipo, con el estudio de nuevas planillas para carga de distintos tipos de datos en el an\u00e1lisis de terrenos, casas, departamentos y el resto de los inmuebles con los que se puede trabajar en el Partido de San Pedro.<\/p>\n\n\n\n<p>Se constataron tambi\u00e9n los cambios de precios en el M2 de las diferentes propiedades recientemente vendidas y el movimiento de sus valores comparados con referencias hist\u00f3ricas.<\/p>\n\n\n\n<p>Uno de los objetivos es contar con indicadores evidentes que puedan ser ofrecidos a los propietarios al momento de solicitar una tasaci\u00f3n y recibir informaci\u00f3n sobre los puntos que se consideran en el servicio. Los valores relativos considerados para los distintos espacios de la una vivienda, un edificio o un terreno y su entorno de localizaci\u00f3n tienen hoy un perfil diferente que deber\u00e1 traducirse necesariamente en las nuevas tasaciones.<\/p>\n\n\n\n<p><strong>La pr\u00f3xima reuni\u00f3n ser\u00e1 el 16 de septiembre.<\/strong><\/p>\n","protected":false},"excerpt":{"rendered":"<p>Con el objetivo de intercambiar puntos de vista y compartir iniciativas que les brinden a todos los profesionales del sector inmobiliario, un nuevo marco de referencia para un posicionamiento acorde al contexto que se modific\u00f3 considerablemente tras lo vivido en el 2020, la C\u00e1mara de martilleros y corredores p\u00fablicos de San Pedro viene cumpliendo y [&hellip;]<\/p>\n","protected":false},"author":4,"featured_media":98506,"comment_status":"closed","ping_status":"closed","sticky":false,"template":"","format":"standard","meta":{"om_disable_all_campaigns":false,"_jetpack_memberships_contains_paid_content":false,"footnotes":""},"categories":[101,2],"tags":[],"class_list":["post-98505","post","type-post","status-publish","format-standard","has-post-thumbnail","hentry","category-interes-general-locales","category-locales"],"aioseo_notices":[],"gutentor_comment":0,"jetpack_featured_media_url":"https:\/\/eldiariodesanpedro.com.ar\/sitio\/wp-content\/uploads\/2021\/09\/CHARLA-TASACION.jpg","jetpack_shortlink":"https:\/\/wp.me\/p6RhLt-pCN","jetpack_sharing_enabled":true,"_links":{"self":[{"href":"https:\/\/eldiariodesanpedro.com.ar\/sitio\/wp-json\/wp\/v2\/posts\/98505","targetHints":{"allow":["GET"]}}],"collection":[{"href":"https:\/\/eldiariodesanpedro.com.ar\/sitio\/wp-json\/wp\/v2\/posts"}],"about":[{"href":"https:\/\/eldiariodesanpedro.com.ar\/sitio\/wp-json\/wp\/v2\/types\/post"}],"author":[{"embeddable":true,"href":"https:\/\/eldiariodesanpedro.com.ar\/sitio\/wp-json\/wp\/v2\/users\/4"}],"replies":[{"embeddable":true,"href":"https:\/\/eldiariodesanpedro.com.ar\/sitio\/wp-json\/wp\/v2\/comments?post=98505"}],"version-history":[{"count":1,"href":"https:\/\/eldiariodesanpedro.com.ar\/sitio\/wp-json\/wp\/v2\/posts\/98505\/revisions"}],"predecessor-version":[{"id":98507,"href":"https:\/\/eldiariodesanpedro.com.ar\/sitio\/wp-json\/wp\/v2\/posts\/98505\/revisions\/98507"}],"wp:featuredmedia":[{"embeddable":true,"href":"https:\/\/eldiariodesanpedro.com.ar\/sitio\/wp-json\/wp\/v2\/media\/98506"}],"wp:attachment":[{"href":"https:\/\/eldiariodesanpedro.com.ar\/sitio\/wp-json\/wp\/v2\/media?parent=98505"}],"wp:term":[{"taxonomy":"category","embeddable":true,"href":"https:\/\/eldiariodesanpedro.com.ar\/sitio\/wp-json\/wp\/v2\/categories?post=98505"},{"taxonomy":"post_tag","embeddable":true,"href":"https:\/\/eldiariodesanpedro.com.ar\/sitio\/wp-json\/wp\/v2\/tags?post=98505"}],"curies":[{"name":"wp","href":"https:\/\/api.w.org\/{rel}","templated":true}]}}