{"id":98501,"date":"2021-09-06T09:47:03","date_gmt":"2021-09-06T12:47:03","guid":{"rendered":"https:\/\/eldiariodesanpedro.com.ar\/sitio\/?p=98501"},"modified":"2021-09-06T09:48:29","modified_gmt":"2021-09-06T12:48:29","slug":"el-museo-paleontologico-de-san-pedro-firma-convenio-de-cooperacion-con-el-centro-francisco-j-muniz-de-la-universidad-de-buenos-aires","status":"publish","type":"post","link":"https:\/\/eldiariodesanpedro.com.ar\/sitio\/el-museo-paleontologico-de-san-pedro-firma-convenio-de-cooperacion-con-el-centro-francisco-j-muniz-de-la-universidad-de-buenos-aires\/","title":{"rendered":"El Museo Paleontol\u00f3gico de San Pedro firma convenio de cooperaci\u00f3n con el Centro \u201cFrancisco J. Mu\u00f1iz\u201d de la Universidad de Buenos Aires"},"content":{"rendered":"<!-- VideographyWP Plugin Message: Automatic video embedding prevented by plugin options. -->\n\n<p>El&nbsp;<strong>Museo Paleontol\u00f3gico de San Pedro<\/strong>&nbsp;acaba de firmar un&nbsp;<strong>Convenio de Cooperaci\u00f3n<\/strong>&nbsp;con autoridades del&nbsp;<strong>Centro Francisco Javier Mu\u00f1iz de Evoluci\u00f3n Humana y Ecosistemas con especial atenci\u00f3n al Continente Americano,<\/strong>&nbsp;de la Universidad de Buenos Aires.<\/p>\n\n\n\n<p>En la firma de este documento participaron el&nbsp;<strong>Dr. Gabriel Capitelli<\/strong>, Director del mencionado centro de investigaci\u00f3n, y el&nbsp;<strong>Sr. Jos\u00e9 Luis Aguilar<\/strong>, impulsor del museo de San Pedro. El documento fue refrendado con la firma del Intendente,&nbsp;<strong>Cecilio Salazar<\/strong>, quien acompa\u00f1\u00f3 esta iniciativa, la cual permitir\u00e1 acercar a las dos entidades para trabajar en diferentes proyectos en conjunto.<\/p>\n\n\n\n<p>El Centro Francisco Javier Mu\u00f1iz, es una dependencia de la UBA que investiga distintos aspectos que tienen que ver con los cambios y el desarrollo de los ecosistemas y su fauna en el continente americano. En la b\u00fasqueda de nuevos conocimientos, dicho centro posee estrecha vinculaci\u00f3n con el equipo de investigadores espa\u00f1oles que estudian el yacimiento de Atapuerca, uno de los sitios arqueol\u00f3gicos y paleontol\u00f3gicos m\u00e1s ricos de Europa, y con los cuales se contrastan los datos obtenidos de los dos continentes.<\/p>\n\n\n\n<p>Este Convenio de Cooperaci\u00f3n con el museo local permitir\u00e1, entre otros proyectos, la digitalizaci\u00f3n de todo el fondo paleontol\u00f3gico del Museo de San Pedro, cuya colecci\u00f3n atesora numerosos ejemplares que, de esta forma, podr\u00edan incluirse en estudios internacionales y multidisciplinarios que aborden los cambios experimentados por diferentes grupos de animales a lo largo del tiempo.<\/p>\n\n\n\n<p>Se espera que el intercambio de informaci\u00f3n entre el yacimiento de Espa\u00f1a, los profesionales de la UBA y los f\u00f3siles del Museo de San Pedro, permita arribar a conclusiones, al menos, novedosas. Como as\u00ed tambi\u00e9n, que posibilite la apertura de nuevas l\u00edneas de investigaci\u00f3n en diferentes tem\u00e1ticas de estudio.<\/p>\n","protected":false},"excerpt":{"rendered":"<p>El&nbsp;Museo Paleontol\u00f3gico de San Pedro&nbsp;acaba de firmar un&nbsp;Convenio de Cooperaci\u00f3n&nbsp;con autoridades del&nbsp;Centro Francisco Javier Mu\u00f1iz de Evoluci\u00f3n Humana y Ecosistemas con especial atenci\u00f3n al Continente Americano,&nbsp;de la Universidad de Buenos Aires. En la firma de este documento participaron el&nbsp;Dr. Gabriel Capitelli, Director del mencionado centro de investigaci\u00f3n, y el&nbsp;Sr. Jos\u00e9 Luis Aguilar, impulsor del museo [&hellip;]<\/p>\n","protected":false},"author":4,"featured_media":98503,"comment_status":"closed","ping_status":"closed","sticky":false,"template":"","format":"standard","meta":{"om_disable_all_campaigns":false,"_jetpack_memberships_contains_paid_content":false,"footnotes":""},"categories":[50,101,2],"tags":[],"class_list":["post-98501","post","type-post","status-publish","format-standard","has-post-thumbnail","hentry","category-destacadas","category-interes-general-locales","category-locales"],"aioseo_notices":[],"gutentor_comment":0,"jetpack_featured_media_url":"https:\/\/eldiariodesanpedro.com.ar\/sitio\/wp-content\/uploads\/2021\/09\/Funcionarios-Centro-Muniz-UBA.jpg","jetpack_shortlink":"https:\/\/wp.me\/p6RhLt-pCJ","jetpack_sharing_enabled":true,"_links":{"self":[{"href":"https:\/\/eldiariodesanpedro.com.ar\/sitio\/wp-json\/wp\/v2\/posts\/98501","targetHints":{"allow":["GET"]}}],"collection":[{"href":"https:\/\/eldiariodesanpedro.com.ar\/sitio\/wp-json\/wp\/v2\/posts"}],"about":[{"href":"https:\/\/eldiariodesanpedro.com.ar\/sitio\/wp-json\/wp\/v2\/types\/post"}],"author":[{"embeddable":true,"href":"https:\/\/eldiariodesanpedro.com.ar\/sitio\/wp-json\/wp\/v2\/users\/4"}],"replies":[{"embeddable":true,"href":"https:\/\/eldiariodesanpedro.com.ar\/sitio\/wp-json\/wp\/v2\/comments?post=98501"}],"version-history":[{"count":1,"href":"https:\/\/eldiariodesanpedro.com.ar\/sitio\/wp-json\/wp\/v2\/posts\/98501\/revisions"}],"predecessor-version":[{"id":98502,"href":"https:\/\/eldiariodesanpedro.com.ar\/sitio\/wp-json\/wp\/v2\/posts\/98501\/revisions\/98502"}],"wp:featuredmedia":[{"embeddable":true,"href":"https:\/\/eldiariodesanpedro.com.ar\/sitio\/wp-json\/wp\/v2\/media\/98503"}],"wp:attachment":[{"href":"https:\/\/eldiariodesanpedro.com.ar\/sitio\/wp-json\/wp\/v2\/media?parent=98501"}],"wp:term":[{"taxonomy":"category","embeddable":true,"href":"https:\/\/eldiariodesanpedro.com.ar\/sitio\/wp-json\/wp\/v2\/categories?post=98501"},{"taxonomy":"post_tag","embeddable":true,"href":"https:\/\/eldiariodesanpedro.com.ar\/sitio\/wp-json\/wp\/v2\/tags?post=98501"}],"curies":[{"name":"wp","href":"https:\/\/api.w.org\/{rel}","templated":true}]}}