{"id":98495,"date":"2021-09-05T19:45:18","date_gmt":"2021-09-05T22:45:18","guid":{"rendered":"https:\/\/eldiariodesanpedro.com.ar\/sitio\/?p=98495"},"modified":"2021-09-05T19:45:24","modified_gmt":"2021-09-05T22:45:24","slug":"operativo-de-vacunacion-en-santa-lucia","status":"publish","type":"post","link":"https:\/\/eldiariodesanpedro.com.ar\/sitio\/operativo-de-vacunacion-en-santa-lucia\/","title":{"rendered":"Operativo de vacunaci\u00f3n en Santa Luc\u00eda"},"content":{"rendered":"<!-- VideographyWP Plugin Message: Automatic video embedding prevented by plugin options. -->\n\n<p>Se llev\u00f3 a cabo el operativo dispuesto por la Coordinaci\u00f3n del equipo de trabajo del Plan Vacunate San Pedro en la localidad de Santa Luc\u00eda.<\/p>\n\n\n\n<p>La posta itinerante de vacunacion se estableci\u00f3 en el Club Central C\u00f3rdoba, quienes cedieron su espacio para poder realizar el operativo que cont\u00f3 con 170 personas vacunadas con primera dosis de la vacuna Sinopharm y m\u00e1s de 50 adolescentes de 12 a 17 a\u00f1os inscriptos para recibir la vacuna contra el covid-19.<\/p>\n\n\n\n<p>Participaron del operativo el Delegado Municipal Luciano Juhant, el Coordinador de Polic\u00eda Juan Carlos Ag\u00fcero y el Dr. Carlos Gutierrez junto a personal del hospital.<\/p>\n\n\n\n<p>Adem\u00e1s, el equipo de coordinaci\u00f3n estableci\u00f3 que se montar\u00e1 nuevamente el operativo para aplicar las segundas dosis una vez cumplidos los d\u00edas de intervalo entre cada vacuna.<\/p>\n\n\n\n<figure class=\"wp-block-image size-full\"><img decoding=\"async\" width=\"720\" height=\"540\" data-attachment-id=\"98496\" data-permalink=\"https:\/\/eldiariodesanpedro.com.ar\/sitio\/operativo-de-vacunacion-en-santa-lucia\/whatsapp-image-2021-09-04-at-20-09-29\/\" data-orig-file=\"https:\/\/eldiariodesanpedro.com.ar\/sitio\/wp-content\/uploads\/2021\/09\/WhatsApp-Image-2021-09-04-at-20.09.29.jpeg\" data-orig-size=\"720,540\" data-comments-opened=\"0\" data-image-meta=\"{&quot;aperture&quot;:&quot;0&quot;,&quot;credit&quot;:&quot;&quot;,&quot;camera&quot;:&quot;&quot;,&quot;caption&quot;:&quot;&quot;,&quot;created_timestamp&quot;:&quot;0&quot;,&quot;copyright&quot;:&quot;&quot;,&quot;focal_length&quot;:&quot;0&quot;,&quot;iso&quot;:&quot;0&quot;,&quot;shutter_speed&quot;:&quot;0&quot;,&quot;title&quot;:&quot;&quot;,&quot;orientation&quot;:&quot;0&quot;}\" data-image-title=\"WhatsApp Image 2021-09-04 at 20.09.29\" data-image-description=\"\" data-image-caption=\"\" data-large-file=\"https:\/\/eldiariodesanpedro.com.ar\/sitio\/wp-content\/uploads\/2021\/09\/WhatsApp-Image-2021-09-04-at-20.09.29.jpeg\" data-src=\"https:\/\/eldiariodesanpedro.com.ar\/sitio\/wp-content\/uploads\/2021\/09\/WhatsApp-Image-2021-09-04-at-20.09.29.jpeg\" alt=\"\" class=\"wp-image-98496 lazyload\" data-srcset=\"https:\/\/eldiariodesanpedro.com.ar\/sitio\/wp-content\/uploads\/2021\/09\/WhatsApp-Image-2021-09-04-at-20.09.29.jpeg 720w, https:\/\/eldiariodesanpedro.com.ar\/sitio\/wp-content\/uploads\/2021\/09\/WhatsApp-Image-2021-09-04-at-20.09.29-300x225.jpeg 300w, https:\/\/eldiariodesanpedro.com.ar\/sitio\/wp-content\/uploads\/2021\/09\/WhatsApp-Image-2021-09-04-at-20.09.29-500x375.jpeg 500w\" data-sizes=\"(max-width: 720px) 100vw, 720px\" src=\"data:image\/svg+xml;base64,PHN2ZyB3aWR0aD0iMSIgaGVpZ2h0PSIxIiB4bWxucz0iaHR0cDovL3d3dy53My5vcmcvMjAwMC9zdmciPjwvc3ZnPg==\" style=\"--smush-placeholder-width: 720px; --smush-placeholder-aspect-ratio: 720\/540;\" \/><\/figure>\n","protected":false},"excerpt":{"rendered":"<p>Se llev\u00f3 a cabo el operativo dispuesto por la Coordinaci\u00f3n del equipo de trabajo del Plan Vacunate San Pedro en la localidad de Santa Luc\u00eda. La posta itinerante de vacunacion se estableci\u00f3 en el Club Central C\u00f3rdoba, quienes cedieron su espacio para poder realizar el operativo que cont\u00f3 con 170 personas vacunadas con primera dosis [&hellip;]<\/p>\n","protected":false},"author":4,"featured_media":98497,"comment_status":"closed","ping_status":"closed","sticky":false,"template":"","format":"standard","meta":{"om_disable_all_campaigns":false,"_jetpack_memberships_contains_paid_content":false,"footnotes":""},"categories":[50,101,2],"tags":[],"class_list":["post-98495","post","type-post","status-publish","format-standard","has-post-thumbnail","hentry","category-destacadas","category-interes-general-locales","category-locales"],"aioseo_notices":[],"gutentor_comment":0,"jetpack_featured_media_url":"https:\/\/eldiariodesanpedro.com.ar\/sitio\/wp-content\/uploads\/2021\/09\/WhatsApp-Image-2021-09-04-at-20.09.30.jpeg","jetpack_shortlink":"https:\/\/wp.me\/p6RhLt-pCD","jetpack_sharing_enabled":true,"_links":{"self":[{"href":"https:\/\/eldiariodesanpedro.com.ar\/sitio\/wp-json\/wp\/v2\/posts\/98495","targetHints":{"allow":["GET"]}}],"collection":[{"href":"https:\/\/eldiariodesanpedro.com.ar\/sitio\/wp-json\/wp\/v2\/posts"}],"about":[{"href":"https:\/\/eldiariodesanpedro.com.ar\/sitio\/wp-json\/wp\/v2\/types\/post"}],"author":[{"embeddable":true,"href":"https:\/\/eldiariodesanpedro.com.ar\/sitio\/wp-json\/wp\/v2\/users\/4"}],"replies":[{"embeddable":true,"href":"https:\/\/eldiariodesanpedro.com.ar\/sitio\/wp-json\/wp\/v2\/comments?post=98495"}],"version-history":[{"count":1,"href":"https:\/\/eldiariodesanpedro.com.ar\/sitio\/wp-json\/wp\/v2\/posts\/98495\/revisions"}],"predecessor-version":[{"id":98498,"href":"https:\/\/eldiariodesanpedro.com.ar\/sitio\/wp-json\/wp\/v2\/posts\/98495\/revisions\/98498"}],"wp:featuredmedia":[{"embeddable":true,"href":"https:\/\/eldiariodesanpedro.com.ar\/sitio\/wp-json\/wp\/v2\/media\/98497"}],"wp:attachment":[{"href":"https:\/\/eldiariodesanpedro.com.ar\/sitio\/wp-json\/wp\/v2\/media?parent=98495"}],"wp:term":[{"taxonomy":"category","embeddable":true,"href":"https:\/\/eldiariodesanpedro.com.ar\/sitio\/wp-json\/wp\/v2\/categories?post=98495"},{"taxonomy":"post_tag","embeddable":true,"href":"https:\/\/eldiariodesanpedro.com.ar\/sitio\/wp-json\/wp\/v2\/tags?post=98495"}],"curies":[{"name":"wp","href":"https:\/\/api.w.org\/{rel}","templated":true}]}}