{"id":98493,"date":"2021-09-05T19:23:21","date_gmt":"2021-09-05T22:23:21","guid":{"rendered":"https:\/\/eldiariodesanpedro.com.ar\/sitio\/?p=98493"},"modified":"2021-09-05T19:23:35","modified_gmt":"2021-09-05T22:23:35","slug":"coronavirus-7-positivos-y-32-negativos-se-recibieron-este-domingo-los-activos-59","status":"publish","type":"post","link":"https:\/\/eldiariodesanpedro.com.ar\/sitio\/coronavirus-7-positivos-y-32-negativos-se-recibieron-este-domingo-los-activos-59\/","title":{"rendered":"Coronavirus: 7 positivos y 32 negativos se recibieron este domingo, los activos 59"},"content":{"rendered":"<!-- VideographyWP Plugin Message: Automatic video embedding prevented by plugin options. -->\n\n<p>La Secretar\u00eda de Salud de la Municipalidad de San Pedro brinda el informe que acompa\u00f1a la placa del d\u00eda de la fecha, en el seguimiento de la Pandemia de Covid-19.<\/p>\n\n\n\n<p>Se confirmaron 7 nuevos casos positivos y 32 resultados negativos, a trav\u00e9s de los testeos r\u00e1pidos que se realizan en el Laboratorio del Hospital.<\/p>\n\n\n\n<p>Los positivos est\u00e1n divididos en:<\/p>\n\n\n\n<ul class=\"wp-block-list\"><li>Laboratorio del Hospital:<\/li><li>4 mujeres de 34, 42, 54 y 57 a\u00f1os<\/li><li>3 hombres de 7, 19 y 32 a\u00f1os<\/li><li>Se incorporan a la estad\u00edstica oficial 8 altas.<\/li><li>No se enviaron nuevas muestras.<\/li><\/ul>\n\n\n\n<p>Resumen actualizado de informaci\u00f3n oficial<br>Positivos desde el inicio de la Pandemia: 5985<br>Activos: 59<br>Recuperados: 5689<br>Fallecidos: 237<br>Negativos desde el inicio de la Pandemia: 8724<\/p>\n\n\n\n<p>Los datos consignados en este informe corresponden a casos analizados a trav\u00e9s de hisopados realizados en el \u00abC.C.19\u00bb analizados por el Laboratorio Central Lab y testeos r\u00e1pidos efectuados en el Laboratorio del Hospital.<\/p>\n\n\n\n<p>&#x1f449; Usar tapabocas.<br>&#x1f449; Mantener la distancia m\u00ednima de 2 metros.<br>&#x1f449; Extremar la higiene de los espacios.<br>&#x1f449; Mantener las manos limpias.<\/p>\n\n\n\n<p>Se recuerda que, ante s\u00edntomas de tos seca, fiebre y dolor de garganta se puede llamar al 148 o 107<\/p>\n\n\n\n<p>Atenci\u00f3n y seguimiento COVID-19<\/p>\n\n\n\n<p>Centro de Asesoramiento y Atenci\u00f3n M\u00e9dica<br>(Ex Consultorios Amarillos)<br>Ituzaing\u00f3 979<br>Lunes a viernes de 9 a 18 hs. &#8211; s\u00e1bados de 9 a 12 hs.<\/p>\n\n\n\n<p>L\u00ednea COVID<br>Para seguimiento y consultas<br>3329 315000 (llamadas o WhatsApp)<br>Lunes a viernes 9 a 18 hs. &#8211; S\u00e1bados de 9 a 12 hs<\/p>\n\n\n\n<p>Emergencias todos los d\u00edas, las 24 hs. \u2013 107<\/p>\n","protected":false},"excerpt":{"rendered":"<p>La Secretar\u00eda de Salud de la Municipalidad de San Pedro brinda el informe que acompa\u00f1a la placa del d\u00eda de la fecha, en el seguimiento de la Pandemia de Covid-19. Se confirmaron 7 nuevos casos positivos y 32 resultados negativos, a trav\u00e9s de los testeos r\u00e1pidos que se realizan en el Laboratorio del Hospital. Los [&hellip;]<\/p>\n","protected":false},"author":4,"featured_media":78534,"comment_status":"closed","ping_status":"closed","sticky":false,"template":"","format":"standard","meta":{"om_disable_all_campaigns":false,"_jetpack_memberships_contains_paid_content":false,"footnotes":""},"categories":[50,101,2],"tags":[],"class_list":["post-98493","post","type-post","status-publish","format-standard","has-post-thumbnail","hentry","category-destacadas","category-interes-general-locales","category-locales"],"aioseo_notices":[],"gutentor_comment":0,"jetpack_featured_media_url":"https:\/\/eldiariodesanpedro.com.ar\/sitio\/wp-content\/uploads\/2020\/07\/298919_02.jpg","jetpack_shortlink":"https:\/\/wp.me\/p6RhLt-pCB","jetpack_sharing_enabled":true,"_links":{"self":[{"href":"https:\/\/eldiariodesanpedro.com.ar\/sitio\/wp-json\/wp\/v2\/posts\/98493","targetHints":{"allow":["GET"]}}],"collection":[{"href":"https:\/\/eldiariodesanpedro.com.ar\/sitio\/wp-json\/wp\/v2\/posts"}],"about":[{"href":"https:\/\/eldiariodesanpedro.com.ar\/sitio\/wp-json\/wp\/v2\/types\/post"}],"author":[{"embeddable":true,"href":"https:\/\/eldiariodesanpedro.com.ar\/sitio\/wp-json\/wp\/v2\/users\/4"}],"replies":[{"embeddable":true,"href":"https:\/\/eldiariodesanpedro.com.ar\/sitio\/wp-json\/wp\/v2\/comments?post=98493"}],"version-history":[{"count":1,"href":"https:\/\/eldiariodesanpedro.com.ar\/sitio\/wp-json\/wp\/v2\/posts\/98493\/revisions"}],"predecessor-version":[{"id":98494,"href":"https:\/\/eldiariodesanpedro.com.ar\/sitio\/wp-json\/wp\/v2\/posts\/98493\/revisions\/98494"}],"wp:featuredmedia":[{"embeddable":true,"href":"https:\/\/eldiariodesanpedro.com.ar\/sitio\/wp-json\/wp\/v2\/media\/78534"}],"wp:attachment":[{"href":"https:\/\/eldiariodesanpedro.com.ar\/sitio\/wp-json\/wp\/v2\/media?parent=98493"}],"wp:term":[{"taxonomy":"category","embeddable":true,"href":"https:\/\/eldiariodesanpedro.com.ar\/sitio\/wp-json\/wp\/v2\/categories?post=98493"},{"taxonomy":"post_tag","embeddable":true,"href":"https:\/\/eldiariodesanpedro.com.ar\/sitio\/wp-json\/wp\/v2\/tags?post=98493"}],"curies":[{"name":"wp","href":"https:\/\/api.w.org\/{rel}","templated":true}]}}