{"id":98490,"date":"2021-09-05T19:11:09","date_gmt":"2021-09-05T22:11:09","guid":{"rendered":"https:\/\/eldiariodesanpedro.com.ar\/sitio\/?p=98490"},"modified":"2021-09-05T19:11:14","modified_gmt":"2021-09-05T22:11:14","slug":"clausuraron-un-bar-por-falta-de-habilitacion","status":"publish","type":"post","link":"https:\/\/eldiariodesanpedro.com.ar\/sitio\/clausuraron-un-bar-por-falta-de-habilitacion\/","title":{"rendered":"Clausuraron un bar por falta de habilitaci\u00f3n"},"content":{"rendered":"<!-- VideographyWP Plugin Message: Automatic video embedding prevented by plugin options. -->\n\n<p>Hoy pasadas las 00 hs el personal policial junto a personal tr\u00e1nsito y nocturnidad, marco Ley 14050\u00a0 inspeccion\u00f3 comercio rubro bar que se hallaba abierto al p\u00fablico ubicado en calle Rivadavia 2910, propietario masculino de 37 a\u00f1os procediendo a la clausura por falta de documentaci\u00f3n habilitante Intervino, el juzgado de faltas local.<\/p>\n","protected":false},"excerpt":{"rendered":"<p>Hoy pasadas las 00 hs el personal policial junto a personal tr\u00e1nsito y nocturnidad, marco Ley 14050\u00a0 inspeccion\u00f3 comercio rubro bar que se hallaba abierto al p\u00fablico ubicado en calle Rivadavia 2910, propietario masculino de 37 a\u00f1os procediendo a la clausura por falta de documentaci\u00f3n habilitante Intervino, el juzgado de faltas local.<\/p>\n","protected":false},"author":4,"featured_media":98491,"comment_status":"closed","ping_status":"closed","sticky":false,"template":"","format":"standard","meta":{"om_disable_all_campaigns":false,"_jetpack_memberships_contains_paid_content":false,"footnotes":""},"categories":[2,103],"tags":[],"class_list":["post-98490","post","type-post","status-publish","format-standard","has-post-thumbnail","hentry","category-locales","category-policiales-locales"],"aioseo_notices":[],"gutentor_comment":0,"jetpack_featured_media_url":"https:\/\/eldiariodesanpedro.com.ar\/sitio\/wp-content\/uploads\/2021\/09\/medida-6.jpg","jetpack_shortlink":"https:\/\/wp.me\/p6RhLt-pCy","jetpack_sharing_enabled":true,"_links":{"self":[{"href":"https:\/\/eldiariodesanpedro.com.ar\/sitio\/wp-json\/wp\/v2\/posts\/98490","targetHints":{"allow":["GET"]}}],"collection":[{"href":"https:\/\/eldiariodesanpedro.com.ar\/sitio\/wp-json\/wp\/v2\/posts"}],"about":[{"href":"https:\/\/eldiariodesanpedro.com.ar\/sitio\/wp-json\/wp\/v2\/types\/post"}],"author":[{"embeddable":true,"href":"https:\/\/eldiariodesanpedro.com.ar\/sitio\/wp-json\/wp\/v2\/users\/4"}],"replies":[{"embeddable":true,"href":"https:\/\/eldiariodesanpedro.com.ar\/sitio\/wp-json\/wp\/v2\/comments?post=98490"}],"version-history":[{"count":1,"href":"https:\/\/eldiariodesanpedro.com.ar\/sitio\/wp-json\/wp\/v2\/posts\/98490\/revisions"}],"predecessor-version":[{"id":98492,"href":"https:\/\/eldiariodesanpedro.com.ar\/sitio\/wp-json\/wp\/v2\/posts\/98490\/revisions\/98492"}],"wp:featuredmedia":[{"embeddable":true,"href":"https:\/\/eldiariodesanpedro.com.ar\/sitio\/wp-json\/wp\/v2\/media\/98491"}],"wp:attachment":[{"href":"https:\/\/eldiariodesanpedro.com.ar\/sitio\/wp-json\/wp\/v2\/media?parent=98490"}],"wp:term":[{"taxonomy":"category","embeddable":true,"href":"https:\/\/eldiariodesanpedro.com.ar\/sitio\/wp-json\/wp\/v2\/categories?post=98490"},{"taxonomy":"post_tag","embeddable":true,"href":"https:\/\/eldiariodesanpedro.com.ar\/sitio\/wp-json\/wp\/v2\/tags?post=98490"}],"curies":[{"name":"wp","href":"https:\/\/api.w.org\/{rel}","templated":true}]}}