{"id":9849,"date":"2016-11-07T18:30:46","date_gmt":"2016-11-07T21:30:46","guid":{"rendered":"https:\/\/eldiariodesanpedro.com.ar\/sitio\/?p=9849"},"modified":"2016-11-07T21:04:51","modified_gmt":"2016-11-08T00:04:51","slug":"anuncian-el-comienzo-de-las-obras-en-el-ingreso-a-vuelta-de-obligado","status":"publish","type":"post","link":"https:\/\/eldiariodesanpedro.com.ar\/sitio\/anuncian-el-comienzo-de-las-obras-en-el-ingreso-a-vuelta-de-obligado\/","title":{"rendered":"Anuncian el comienzo de las obras en el ingreso a Vuelta de Obligado"},"content":{"rendered":"<p><!-- VideographyWP Plugin Message: Automatic video embedding prevented by plugin options. --><br \/>\nLo confirm\u00f3 el subdelegado de la localidad, Hugo Borda. En ese sentido, el funcionario explic\u00f3: \u201cEn el transcurso de la semana pasada me llam\u00f3 el ingeniero de Vialidad Provincial para informarme que, en estos d\u00edas, empezaban a trabajar\u201d. Y agreg\u00f3: \u201cSe debi\u00f3 hacer un an\u00e1lisis del suelo para determinar la alcantarilla a construir\u201d. \u201cEsta semana se van a comenzar los trabajos\u201d, confirm\u00f3.<\/p>\n<p>Asimismo explic\u00f3 el porqu\u00e9 de la demora: \u201cAl abrir la fosa en donde va a ir la alcantarilla encontraron que el suelo estaba muy blando y, para determinar la obra que se va a realizar, se tuvo que hacer un estudio m\u00e1s profundo\u201d.<\/p>\n<p>\u201cLa alcantarilla que se piensa hacer es del doble de grande de la que estaba\u201d, sostuvo por \u00faltimo.<br \/>\nCabe recordar que en el mes de abril, por el temporal que azot\u00f3 la zona en esa \u00e9poca, los vecinos quedaron aislados al desmoronarse dicha alcantarilla, que ten\u00eda como objetivo aliviar el caudal de agua que atraviesa por debajo del puente del arroyo Los Cueros.<\/p>\n<p>Tras gestiones realizadas por el Ejecutivo, Vialidad Provincial realiz\u00f3 primero un arreglo provisorio y luego confeccion\u00f3 un paso alternativo para poder trabajar.<\/p>\n<p>Sin embargo, sin conocerse del todo el motivo, se demor\u00f3 el resto de los trabajos. Seg\u00fan trascendi\u00f3, gestiones del propio intendente Salazar reactivaron la iniciativa.<\/p>\n","protected":false},"excerpt":{"rendered":"<p>Lo confirm\u00f3 el subdelegado de la localidad, Hugo Borda. En ese sentido, el funcionario explic\u00f3: \u201cEn el transcurso de la semana pasada me llam\u00f3 el ingeniero de Vialidad Provincial para informarme que, en estos d\u00edas, empezaban a trabajar\u201d. Y agreg\u00f3: \u201cSe debi\u00f3 hacer un an\u00e1lisis del suelo para determinar la alcantarilla a construir\u201d. \u201cEsta semana [&hellip;]<\/p>\n","protected":false},"author":4,"featured_media":5149,"comment_status":"open","ping_status":"closed","sticky":false,"template":"","format":"standard","meta":{"om_disable_all_campaigns":false,"_jetpack_memberships_contains_paid_content":false,"footnotes":""},"categories":[101,2],"tags":[],"class_list":["post-9849","post","type-post","status-publish","format-standard","has-post-thumbnail","hentry","category-interes-general-locales","category-locales"],"aioseo_notices":[],"gutentor_comment":0,"jetpack_featured_media_url":"https:\/\/eldiariodesanpedro.com.ar\/sitio\/wp-content\/uploads\/2016\/06\/obras.jpg","jetpack_shortlink":"https:\/\/wp.me\/p6RhLt-2yR","jetpack_sharing_enabled":true,"_links":{"self":[{"href":"https:\/\/eldiariodesanpedro.com.ar\/sitio\/wp-json\/wp\/v2\/posts\/9849","targetHints":{"allow":["GET"]}}],"collection":[{"href":"https:\/\/eldiariodesanpedro.com.ar\/sitio\/wp-json\/wp\/v2\/posts"}],"about":[{"href":"https:\/\/eldiariodesanpedro.com.ar\/sitio\/wp-json\/wp\/v2\/types\/post"}],"author":[{"embeddable":true,"href":"https:\/\/eldiariodesanpedro.com.ar\/sitio\/wp-json\/wp\/v2\/users\/4"}],"replies":[{"embeddable":true,"href":"https:\/\/eldiariodesanpedro.com.ar\/sitio\/wp-json\/wp\/v2\/comments?post=9849"}],"version-history":[{"count":1,"href":"https:\/\/eldiariodesanpedro.com.ar\/sitio\/wp-json\/wp\/v2\/posts\/9849\/revisions"}],"predecessor-version":[{"id":9850,"href":"https:\/\/eldiariodesanpedro.com.ar\/sitio\/wp-json\/wp\/v2\/posts\/9849\/revisions\/9850"}],"wp:featuredmedia":[{"embeddable":true,"href":"https:\/\/eldiariodesanpedro.com.ar\/sitio\/wp-json\/wp\/v2\/media\/5149"}],"wp:attachment":[{"href":"https:\/\/eldiariodesanpedro.com.ar\/sitio\/wp-json\/wp\/v2\/media?parent=9849"}],"wp:term":[{"taxonomy":"category","embeddable":true,"href":"https:\/\/eldiariodesanpedro.com.ar\/sitio\/wp-json\/wp\/v2\/categories?post=9849"},{"taxonomy":"post_tag","embeddable":true,"href":"https:\/\/eldiariodesanpedro.com.ar\/sitio\/wp-json\/wp\/v2\/tags?post=9849"}],"curies":[{"name":"wp","href":"https:\/\/api.w.org\/{rel}","templated":true}]}}