{"id":98487,"date":"2021-09-05T18:42:33","date_gmt":"2021-09-05T21:42:33","guid":{"rendered":"https:\/\/eldiariodesanpedro.com.ar\/sitio\/?p=98487"},"modified":"2021-09-05T18:42:38","modified_gmt":"2021-09-05T21:42:38","slug":"un-ciudadano-aprehendido-por-un-nuevo-caso-de-violencia-de-genero","status":"publish","type":"post","link":"https:\/\/eldiariodesanpedro.com.ar\/sitio\/un-ciudadano-aprehendido-por-un-nuevo-caso-de-violencia-de-genero\/","title":{"rendered":"Un ciudadano aprehendido por un nuevo caso de violencia de g\u00e9nero"},"content":{"rendered":"<!-- VideographyWP Plugin Message: Automatic video embedding prevented by plugin options. -->\n\n<p>Este s\u00e1bado alrededor de las 22:30 hs el personal policial del destacamento se hace presente en calle Urquiza 140, de la localidad de Gobernador Castro, aprehende al ciudadano de\u00a0 30 a\u00f1os quien momentos antes agredi\u00f3 f\u00edsicamente a pareja con la que convive una mujer de 29 a\u00f1os.\u00a0<\/p>\n\n\n\n<p>La femenina presenta heridas car\u00e1cter leves en rostro, aprehendido alojado en sede policial a disposici\u00f3n de la justicia local.<\/p>\n","protected":false},"excerpt":{"rendered":"<p>Este s\u00e1bado alrededor de las 22:30 hs el personal policial del destacamento se hace presente en calle Urquiza 140, de la localidad de Gobernador Castro, aprehende al ciudadano de\u00a0 30 a\u00f1os quien momentos antes agredi\u00f3 f\u00edsicamente a pareja con la que convive una mujer de 29 a\u00f1os.\u00a0 La femenina presenta heridas car\u00e1cter leves en rostro, [&hellip;]<\/p>\n","protected":false},"author":4,"featured_media":98488,"comment_status":"closed","ping_status":"closed","sticky":false,"template":"","format":"standard","meta":{"om_disable_all_campaigns":false,"_jetpack_memberships_contains_paid_content":false,"footnotes":""},"categories":[2,103],"tags":[197,33,95,19],"class_list":["post-98487","post","type-post","status-publish","format-standard","has-post-thumbnail","hentry","category-locales","category-policiales-locales","tag-buenos-aires","tag-locales","tag-policiales","tag-san-pedro"],"aioseo_notices":[],"gutentor_comment":0,"jetpack_featured_media_url":"https:\/\/eldiariodesanpedro.com.ar\/sitio\/wp-content\/uploads\/2021\/09\/medida-5.jpg","jetpack_shortlink":"https:\/\/wp.me\/p6RhLt-pCv","jetpack_sharing_enabled":true,"_links":{"self":[{"href":"https:\/\/eldiariodesanpedro.com.ar\/sitio\/wp-json\/wp\/v2\/posts\/98487","targetHints":{"allow":["GET"]}}],"collection":[{"href":"https:\/\/eldiariodesanpedro.com.ar\/sitio\/wp-json\/wp\/v2\/posts"}],"about":[{"href":"https:\/\/eldiariodesanpedro.com.ar\/sitio\/wp-json\/wp\/v2\/types\/post"}],"author":[{"embeddable":true,"href":"https:\/\/eldiariodesanpedro.com.ar\/sitio\/wp-json\/wp\/v2\/users\/4"}],"replies":[{"embeddable":true,"href":"https:\/\/eldiariodesanpedro.com.ar\/sitio\/wp-json\/wp\/v2\/comments?post=98487"}],"version-history":[{"count":1,"href":"https:\/\/eldiariodesanpedro.com.ar\/sitio\/wp-json\/wp\/v2\/posts\/98487\/revisions"}],"predecessor-version":[{"id":98489,"href":"https:\/\/eldiariodesanpedro.com.ar\/sitio\/wp-json\/wp\/v2\/posts\/98487\/revisions\/98489"}],"wp:featuredmedia":[{"embeddable":true,"href":"https:\/\/eldiariodesanpedro.com.ar\/sitio\/wp-json\/wp\/v2\/media\/98488"}],"wp:attachment":[{"href":"https:\/\/eldiariodesanpedro.com.ar\/sitio\/wp-json\/wp\/v2\/media?parent=98487"}],"wp:term":[{"taxonomy":"category","embeddable":true,"href":"https:\/\/eldiariodesanpedro.com.ar\/sitio\/wp-json\/wp\/v2\/categories?post=98487"},{"taxonomy":"post_tag","embeddable":true,"href":"https:\/\/eldiariodesanpedro.com.ar\/sitio\/wp-json\/wp\/v2\/tags?post=98487"}],"curies":[{"name":"wp","href":"https:\/\/api.w.org\/{rel}","templated":true}]}}