{"id":98485,"date":"2021-09-05T18:28:58","date_gmt":"2021-09-05T21:28:58","guid":{"rendered":"https:\/\/eldiariodesanpedro.com.ar\/sitio\/?p=98485"},"modified":"2021-09-05T18:29:02","modified_gmt":"2021-09-05T21:29:02","slug":"robaron-una-bicicleta-en-horas-de-la-madrugada","status":"publish","type":"post","link":"https:\/\/eldiariodesanpedro.com.ar\/sitio\/robaron-una-bicicleta-en-horas-de-la-madrugada\/","title":{"rendered":"Robaron una bicicleta en horas de la madrugada"},"content":{"rendered":"<!-- VideographyWP Plugin Message: Automatic video embedding prevented by plugin options. -->\n\n<p>En la ma\u00f1ana de hoy una mujer denunci\u00f3 que le robaron la bicicleta durante la madrugada.<\/p>\n\n\n\n<p>Este domingo una mujer de 36 a\u00f1os se hizo presente en la comisar\u00eda local donde manifest\u00f3 que en horas de la madrugada de hoy autores ignorados sin violencia sustraen de su domicilio sito en calle Nieto de Torres y Belgrano, bicicleta&nbsp; rodado 26.<\/p>\n\n\n\n<p>La polic\u00eda de nuestra ciudad investiga para dar con el paradero de la misma.<\/p>\n","protected":false},"excerpt":{"rendered":"<p>En la ma\u00f1ana de hoy una mujer denunci\u00f3 que le robaron la bicicleta durante la madrugada. Este domingo una mujer de 36 a\u00f1os se hizo presente en la comisar\u00eda local donde manifest\u00f3 que en horas de la madrugada de hoy autores ignorados sin violencia sustraen de su domicilio sito en calle Nieto de Torres y [&hellip;]<\/p>\n","protected":false},"author":4,"featured_media":77860,"comment_status":"closed","ping_status":"closed","sticky":false,"template":"","format":"standard","meta":{"om_disable_all_campaigns":false,"_jetpack_memberships_contains_paid_content":false,"footnotes":""},"categories":[2,103],"tags":[],"class_list":["post-98485","post","type-post","status-publish","format-standard","has-post-thumbnail","hentry","category-locales","category-policiales-locales"],"aioseo_notices":[],"gutentor_comment":0,"jetpack_featured_media_url":"https:\/\/eldiariodesanpedro.com.ar\/sitio\/wp-content\/uploads\/2020\/07\/000085506.jpg","jetpack_shortlink":"https:\/\/wp.me\/p6RhLt-pCt","jetpack_sharing_enabled":true,"_links":{"self":[{"href":"https:\/\/eldiariodesanpedro.com.ar\/sitio\/wp-json\/wp\/v2\/posts\/98485","targetHints":{"allow":["GET"]}}],"collection":[{"href":"https:\/\/eldiariodesanpedro.com.ar\/sitio\/wp-json\/wp\/v2\/posts"}],"about":[{"href":"https:\/\/eldiariodesanpedro.com.ar\/sitio\/wp-json\/wp\/v2\/types\/post"}],"author":[{"embeddable":true,"href":"https:\/\/eldiariodesanpedro.com.ar\/sitio\/wp-json\/wp\/v2\/users\/4"}],"replies":[{"embeddable":true,"href":"https:\/\/eldiariodesanpedro.com.ar\/sitio\/wp-json\/wp\/v2\/comments?post=98485"}],"version-history":[{"count":1,"href":"https:\/\/eldiariodesanpedro.com.ar\/sitio\/wp-json\/wp\/v2\/posts\/98485\/revisions"}],"predecessor-version":[{"id":98486,"href":"https:\/\/eldiariodesanpedro.com.ar\/sitio\/wp-json\/wp\/v2\/posts\/98485\/revisions\/98486"}],"wp:featuredmedia":[{"embeddable":true,"href":"https:\/\/eldiariodesanpedro.com.ar\/sitio\/wp-json\/wp\/v2\/media\/77860"}],"wp:attachment":[{"href":"https:\/\/eldiariodesanpedro.com.ar\/sitio\/wp-json\/wp\/v2\/media?parent=98485"}],"wp:term":[{"taxonomy":"category","embeddable":true,"href":"https:\/\/eldiariodesanpedro.com.ar\/sitio\/wp-json\/wp\/v2\/categories?post=98485"},{"taxonomy":"post_tag","embeddable":true,"href":"https:\/\/eldiariodesanpedro.com.ar\/sitio\/wp-json\/wp\/v2\/tags?post=98485"}],"curies":[{"name":"wp","href":"https:\/\/api.w.org\/{rel}","templated":true}]}}