{"id":98481,"date":"2021-09-05T18:10:28","date_gmt":"2021-09-05T21:10:28","guid":{"rendered":"https:\/\/eldiariodesanpedro.com.ar\/sitio\/?p=98481"},"modified":"2021-09-05T18:10:32","modified_gmt":"2021-09-05T21:10:32","slug":"recuperaron-el-celular-robado-en-un-local-centrico","status":"publish","type":"post","link":"https:\/\/eldiariodesanpedro.com.ar\/sitio\/recuperaron-el-celular-robado-en-un-local-centrico\/","title":{"rendered":"Recuperaron el celular robado en un local c\u00e9ntrico"},"content":{"rendered":"<!-- VideographyWP Plugin Message: Automatic video embedding prevented by plugin options. -->\n\n<p>Este sabado pasado el mediod\u00eda tras allanamiento de urgencia y tareas realizadas\u00a0 logr\u00f3 el secuestro de un tel\u00e9fono celular robado. El autor fue identificado e imputado del delito de robo se trata de un reconocido delincuente de 55 a\u00f1os de edad.\u00a0<\/p>\n\n\n\n<p>El celular era buscado tras el alerta de una mujer de 29 a\u00f1os quien denunci\u00f3 que promediando las 10:30 hs de ayer, mientras cumpl\u00eda su jornada laboral en local c\u00e9ntrico de calle Mitre al 600,&nbsp; masculino que ingres\u00f3 simulando ser cliente le sustrajo su tel\u00e9fono.&nbsp;&nbsp;<\/p>\n\n\n\n<p>El an\u00e1lisis de c\u00e1maras de seguridad condujo a la individualizaci\u00f3n del delincuente, la mujer radic\u00f3 la denuncia correspondiente.<\/p>\n\n\n\n<figure class=\"wp-block-image size-full\"><img decoding=\"async\" width=\"1024\" height=\"768\" data-attachment-id=\"98483\" data-permalink=\"https:\/\/eldiariodesanpedro.com.ar\/sitio\/recuperaron-el-celular-robado-en-un-local-centrico\/whatsapp-image-2021-09-05-at-13-06-11\/\" data-orig-file=\"https:\/\/eldiariodesanpedro.com.ar\/sitio\/wp-content\/uploads\/2021\/09\/WhatsApp-Image-2021-09-05-at-13.06.11.jpeg\" data-orig-size=\"1024,768\" data-comments-opened=\"0\" data-image-meta=\"{&quot;aperture&quot;:&quot;0&quot;,&quot;credit&quot;:&quot;&quot;,&quot;camera&quot;:&quot;&quot;,&quot;caption&quot;:&quot;&quot;,&quot;created_timestamp&quot;:&quot;0&quot;,&quot;copyright&quot;:&quot;&quot;,&quot;focal_length&quot;:&quot;0&quot;,&quot;iso&quot;:&quot;0&quot;,&quot;shutter_speed&quot;:&quot;0&quot;,&quot;title&quot;:&quot;&quot;,&quot;orientation&quot;:&quot;0&quot;}\" data-image-title=\"WhatsApp Image 2021-09-05 at 13.06.11\" data-image-description=\"\" data-image-caption=\"\" data-large-file=\"https:\/\/eldiariodesanpedro.com.ar\/sitio\/wp-content\/uploads\/2021\/09\/WhatsApp-Image-2021-09-05-at-13.06.11.jpeg\" data-src=\"https:\/\/eldiariodesanpedro.com.ar\/sitio\/wp-content\/uploads\/2021\/09\/WhatsApp-Image-2021-09-05-at-13.06.11.jpeg\" alt=\"\" class=\"wp-image-98483 lazyload\" data-srcset=\"https:\/\/eldiariodesanpedro.com.ar\/sitio\/wp-content\/uploads\/2021\/09\/WhatsApp-Image-2021-09-05-at-13.06.11.jpeg 1024w, https:\/\/eldiariodesanpedro.com.ar\/sitio\/wp-content\/uploads\/2021\/09\/WhatsApp-Image-2021-09-05-at-13.06.11-300x225.jpeg 300w, https:\/\/eldiariodesanpedro.com.ar\/sitio\/wp-content\/uploads\/2021\/09\/WhatsApp-Image-2021-09-05-at-13.06.11-768x576.jpeg 768w, https:\/\/eldiariodesanpedro.com.ar\/sitio\/wp-content\/uploads\/2021\/09\/WhatsApp-Image-2021-09-05-at-13.06.11-500x375.jpeg 500w\" data-sizes=\"(max-width: 1024px) 100vw, 1024px\" src=\"data:image\/svg+xml;base64,PHN2ZyB3aWR0aD0iMSIgaGVpZ2h0PSIxIiB4bWxucz0iaHR0cDovL3d3dy53My5vcmcvMjAwMC9zdmciPjwvc3ZnPg==\" style=\"--smush-placeholder-width: 1024px; --smush-placeholder-aspect-ratio: 1024\/768;\" \/><\/figure>\n","protected":false},"excerpt":{"rendered":"<p>Este sabado pasado el mediod\u00eda tras allanamiento de urgencia y tareas realizadas\u00a0 logr\u00f3 el secuestro de un tel\u00e9fono celular robado. El autor fue identificado e imputado del delito de robo se trata de un reconocido delincuente de 55 a\u00f1os de edad.\u00a0 El celular era buscado tras el alerta de una mujer de 29 a\u00f1os quien [&hellip;]<\/p>\n","protected":false},"author":4,"featured_media":98482,"comment_status":"closed","ping_status":"closed","sticky":false,"template":"","format":"standard","meta":{"om_disable_all_campaigns":false,"_jetpack_memberships_contains_paid_content":false,"footnotes":""},"categories":[50,2,103],"tags":[],"class_list":["post-98481","post","type-post","status-publish","format-standard","has-post-thumbnail","hentry","category-destacadas","category-locales","category-policiales-locales"],"aioseo_notices":[],"gutentor_comment":0,"jetpack_featured_media_url":"https:\/\/eldiariodesanpedro.com.ar\/sitio\/wp-content\/uploads\/2021\/09\/medida-4.jpg","jetpack_shortlink":"https:\/\/wp.me\/p6RhLt-pCp","jetpack_sharing_enabled":true,"_links":{"self":[{"href":"https:\/\/eldiariodesanpedro.com.ar\/sitio\/wp-json\/wp\/v2\/posts\/98481","targetHints":{"allow":["GET"]}}],"collection":[{"href":"https:\/\/eldiariodesanpedro.com.ar\/sitio\/wp-json\/wp\/v2\/posts"}],"about":[{"href":"https:\/\/eldiariodesanpedro.com.ar\/sitio\/wp-json\/wp\/v2\/types\/post"}],"author":[{"embeddable":true,"href":"https:\/\/eldiariodesanpedro.com.ar\/sitio\/wp-json\/wp\/v2\/users\/4"}],"replies":[{"embeddable":true,"href":"https:\/\/eldiariodesanpedro.com.ar\/sitio\/wp-json\/wp\/v2\/comments?post=98481"}],"version-history":[{"count":1,"href":"https:\/\/eldiariodesanpedro.com.ar\/sitio\/wp-json\/wp\/v2\/posts\/98481\/revisions"}],"predecessor-version":[{"id":98484,"href":"https:\/\/eldiariodesanpedro.com.ar\/sitio\/wp-json\/wp\/v2\/posts\/98481\/revisions\/98484"}],"wp:featuredmedia":[{"embeddable":true,"href":"https:\/\/eldiariodesanpedro.com.ar\/sitio\/wp-json\/wp\/v2\/media\/98482"}],"wp:attachment":[{"href":"https:\/\/eldiariodesanpedro.com.ar\/sitio\/wp-json\/wp\/v2\/media?parent=98481"}],"wp:term":[{"taxonomy":"category","embeddable":true,"href":"https:\/\/eldiariodesanpedro.com.ar\/sitio\/wp-json\/wp\/v2\/categories?post=98481"},{"taxonomy":"post_tag","embeddable":true,"href":"https:\/\/eldiariodesanpedro.com.ar\/sitio\/wp-json\/wp\/v2\/tags?post=98481"}],"curies":[{"name":"wp","href":"https:\/\/api.w.org\/{rel}","templated":true}]}}