{"id":98477,"date":"2021-09-04T15:55:16","date_gmt":"2021-09-04T18:55:16","guid":{"rendered":"https:\/\/eldiariodesanpedro.com.ar\/sitio\/?p=98477"},"modified":"2021-09-04T15:55:20","modified_gmt":"2021-09-04T18:55:20","slug":"el-dr-ricardo-uguet-es-el-nuevo-asesor-letrado-de-la-municipalidad-de-san-pedro","status":"publish","type":"post","link":"https:\/\/eldiariodesanpedro.com.ar\/sitio\/el-dr-ricardo-uguet-es-el-nuevo-asesor-letrado-de-la-municipalidad-de-san-pedro\/","title":{"rendered":"El Dr. Ricardo Uguet es el nuevo asesor letrado de la Municipalidad de San Pedro"},"content":{"rendered":"<!-- VideographyWP Plugin Message: Automatic video embedding prevented by plugin options. -->\n\n<p>El profesional acord\u00f3 su incorporaci\u00f3n a la gesti\u00f3n actual luego del encuentro mantenido con el Secretario de Coordinaci\u00f3n Ram\u00f3n Salazar el viernes.<\/p>\n\n\n\n<p>Luego del decreto firmado por el gobernador Axel Kicillof quien habilit\u00f3 a que el Dr. Jos\u00e9 Macchia asumiera como Juez de Paz de nuestra ciudad, se origin\u00f3 una vacante en la gesti\u00f3n del Intendente Cecilio Salazar ya que el abogado se ven\u00eda desempe\u00f1ando como titular de la Asesor\u00eda Letrada de la Municipalidad de San Pedro.<\/p>\n\n\n\n<p>El propio Secretario de Coordinaci\u00f3n, Dr. Ram\u00f3n Salazar, confirm\u00f3 a este medio que el Dr. Ricardo Uguet ser\u00e1 el nuevo asesor letrado, acuerdo que se concret\u00f3 el viernes luego de un encuentro que ambos profesionales mantuvieron.<\/p>\n\n\n\n<p>Uguet tiene 47 a\u00f1os, y adem\u00e1s de su reconocida trayectoria como abogado es escritor, ajedrecista y jugador de basquet del Club Atl\u00e9tico Mitre. Tambi\u00e9n se desempe\u00f1\u00f3 como directivo del Club N\u00e1utico San Pedro.<\/p>\n\n\n\n<p>El flamante funcionario municipal, a quien se lo apoda \u00abPirulo\u00bb, comenzar\u00e1 a desempe\u00f1arse en el cargo desde el pr\u00f3ximo lunes.<\/p>\n\n\n\n<p>Fuente: San Pedro <a href=\"https:\/\/www.sanpedroinforma.com.ar\/news-124430-el-dr-ricardo-uguet-es-el-nuevo-asesor-letrado-de-la-municipalidad-de-san-pedro\">Informa<\/a><\/p>\n","protected":false},"excerpt":{"rendered":"<p>El profesional acord\u00f3 su incorporaci\u00f3n a la gesti\u00f3n actual luego del encuentro mantenido con el Secretario de Coordinaci\u00f3n Ram\u00f3n Salazar el viernes. Luego del decreto firmado por el gobernador Axel Kicillof quien habilit\u00f3 a que el Dr. Jos\u00e9 Macchia asumiera como Juez de Paz de nuestra ciudad, se origin\u00f3 una vacante en la gesti\u00f3n del [&hellip;]<\/p>\n","protected":false},"author":4,"featured_media":98478,"comment_status":"closed","ping_status":"closed","sticky":false,"template":"","format":"standard","meta":{"om_disable_all_campaigns":false,"_jetpack_memberships_contains_paid_content":false,"footnotes":""},"categories":[101,2],"tags":[],"class_list":["post-98477","post","type-post","status-publish","format-standard","has-post-thumbnail","hentry","category-interes-general-locales","category-locales"],"aioseo_notices":[],"gutentor_comment":0,"jetpack_featured_media_url":"https:\/\/eldiariodesanpedro.com.ar\/sitio\/wp-content\/uploads\/2021\/09\/0000020280-resized-1920x1080-1.jpg","jetpack_shortlink":"https:\/\/wp.me\/p6RhLt-pCl","jetpack_sharing_enabled":true,"_links":{"self":[{"href":"https:\/\/eldiariodesanpedro.com.ar\/sitio\/wp-json\/wp\/v2\/posts\/98477","targetHints":{"allow":["GET"]}}],"collection":[{"href":"https:\/\/eldiariodesanpedro.com.ar\/sitio\/wp-json\/wp\/v2\/posts"}],"about":[{"href":"https:\/\/eldiariodesanpedro.com.ar\/sitio\/wp-json\/wp\/v2\/types\/post"}],"author":[{"embeddable":true,"href":"https:\/\/eldiariodesanpedro.com.ar\/sitio\/wp-json\/wp\/v2\/users\/4"}],"replies":[{"embeddable":true,"href":"https:\/\/eldiariodesanpedro.com.ar\/sitio\/wp-json\/wp\/v2\/comments?post=98477"}],"version-history":[{"count":1,"href":"https:\/\/eldiariodesanpedro.com.ar\/sitio\/wp-json\/wp\/v2\/posts\/98477\/revisions"}],"predecessor-version":[{"id":98479,"href":"https:\/\/eldiariodesanpedro.com.ar\/sitio\/wp-json\/wp\/v2\/posts\/98477\/revisions\/98479"}],"wp:featuredmedia":[{"embeddable":true,"href":"https:\/\/eldiariodesanpedro.com.ar\/sitio\/wp-json\/wp\/v2\/media\/98478"}],"wp:attachment":[{"href":"https:\/\/eldiariodesanpedro.com.ar\/sitio\/wp-json\/wp\/v2\/media?parent=98477"}],"wp:term":[{"taxonomy":"category","embeddable":true,"href":"https:\/\/eldiariodesanpedro.com.ar\/sitio\/wp-json\/wp\/v2\/categories?post=98477"},{"taxonomy":"post_tag","embeddable":true,"href":"https:\/\/eldiariodesanpedro.com.ar\/sitio\/wp-json\/wp\/v2\/tags?post=98477"}],"curies":[{"name":"wp","href":"https:\/\/api.w.org\/{rel}","templated":true}]}}