{"id":98469,"date":"2021-09-04T15:19:42","date_gmt":"2021-09-04T18:19:42","guid":{"rendered":"https:\/\/eldiariodesanpedro.com.ar\/sitio\/?p=98469"},"modified":"2021-09-04T15:19:47","modified_gmt":"2021-09-04T18:19:47","slug":"frutos-de-la-tierra-y-el-rio-anticipa-la-primavera","status":"publish","type":"post","link":"https:\/\/eldiariodesanpedro.com.ar\/sitio\/frutos-de-la-tierra-y-el-rio-anticipa-la-primavera\/","title":{"rendered":"Frutos de la tierra y el r\u00edo anticipa la primavera"},"content":{"rendered":"<!-- VideographyWP Plugin Message: Automatic video embedding prevented by plugin options. -->\n\n<p><strong><em>La tradicional feria de San Pedro (BA) tendr\u00e1 su segunda edici\u00f3n 2021, tras la experiencia en abril. Ahora con m\u00e1s aperturas, se han confirmado hasta el momento 14 feriantes.<\/em><\/strong><\/p>\n\n\n\n<p>La difundida vacunaci\u00f3n, el descenso de los casos de contagio, y los protocolos ajustados, hacen que unos d\u00edas antes de la primavera se pueda concretar la feria el 11 de septiembre de 10 a 18 hs, en Hip\u00f3lito Yrigoyen entre Mitre y Pellegrini, frente a Plaza Constituci\u00f3n.<\/p>\n\n\n\n<p>Este encuentro propone las hortalizas de estaci\u00f3n, dos productores de huevos, dos elaboradores de dulce, dos emprendimientos de cosm\u00e9tica natural, varios productores con plantines para la huerta (tomates, pimientos, hortalizas de hojas, arom\u00e1ticas), batata Ipomea, surtido de plantines, cactus y suculentas, lana y tejidos, miel. La recomendaci\u00f3n es siempre llegar con su bolsa, y por supuesto, seguir las recomendaciones preventivas que se anunciar\u00e1n en el espacio.<\/p>\n\n\n\n<p>La Feria est\u00e1 autorizada por ordenanza 6322\/18. La Asociaci\u00f3n Civil Frutos de la tierra y el r\u00edo. Matr\u00edcula N\u00b045129, Resoluci\u00f3n DPPJ 7109, Inscripci\u00f3n 04\/09\/2018.<\/p>\n","protected":false},"excerpt":{"rendered":"<p>La tradicional feria de San Pedro (BA) tendr\u00e1 su segunda edici\u00f3n 2021, tras la experiencia en abril. Ahora con m\u00e1s aperturas, se han confirmado hasta el momento 14 feriantes. La difundida vacunaci\u00f3n, el descenso de los casos de contagio, y los protocolos ajustados, hacen que unos d\u00edas antes de la primavera se pueda concretar la [&hellip;]<\/p>\n","protected":false},"author":4,"featured_media":98470,"comment_status":"closed","ping_status":"closed","sticky":false,"template":"","format":"standard","meta":{"om_disable_all_campaigns":false,"_jetpack_memberships_contains_paid_content":false,"footnotes":""},"categories":[101,2],"tags":[],"class_list":["post-98469","post","type-post","status-publish","format-standard","has-post-thumbnail","hentry","category-interes-general-locales","category-locales"],"aioseo_notices":[],"gutentor_comment":0,"jetpack_featured_media_url":"https:\/\/eldiariodesanpedro.com.ar\/sitio\/wp-content\/uploads\/2021\/09\/unnamed.png","jetpack_shortlink":"https:\/\/wp.me\/p6RhLt-pCd","jetpack_sharing_enabled":true,"_links":{"self":[{"href":"https:\/\/eldiariodesanpedro.com.ar\/sitio\/wp-json\/wp\/v2\/posts\/98469","targetHints":{"allow":["GET"]}}],"collection":[{"href":"https:\/\/eldiariodesanpedro.com.ar\/sitio\/wp-json\/wp\/v2\/posts"}],"about":[{"href":"https:\/\/eldiariodesanpedro.com.ar\/sitio\/wp-json\/wp\/v2\/types\/post"}],"author":[{"embeddable":true,"href":"https:\/\/eldiariodesanpedro.com.ar\/sitio\/wp-json\/wp\/v2\/users\/4"}],"replies":[{"embeddable":true,"href":"https:\/\/eldiariodesanpedro.com.ar\/sitio\/wp-json\/wp\/v2\/comments?post=98469"}],"version-history":[{"count":1,"href":"https:\/\/eldiariodesanpedro.com.ar\/sitio\/wp-json\/wp\/v2\/posts\/98469\/revisions"}],"predecessor-version":[{"id":98471,"href":"https:\/\/eldiariodesanpedro.com.ar\/sitio\/wp-json\/wp\/v2\/posts\/98469\/revisions\/98471"}],"wp:featuredmedia":[{"embeddable":true,"href":"https:\/\/eldiariodesanpedro.com.ar\/sitio\/wp-json\/wp\/v2\/media\/98470"}],"wp:attachment":[{"href":"https:\/\/eldiariodesanpedro.com.ar\/sitio\/wp-json\/wp\/v2\/media?parent=98469"}],"wp:term":[{"taxonomy":"category","embeddable":true,"href":"https:\/\/eldiariodesanpedro.com.ar\/sitio\/wp-json\/wp\/v2\/categories?post=98469"},{"taxonomy":"post_tag","embeddable":true,"href":"https:\/\/eldiariodesanpedro.com.ar\/sitio\/wp-json\/wp\/v2\/tags?post=98469"}],"curies":[{"name":"wp","href":"https:\/\/api.w.org\/{rel}","templated":true}]}}