{"id":98463,"date":"2021-09-04T15:05:41","date_gmt":"2021-09-04T18:05:41","guid":{"rendered":"https:\/\/eldiariodesanpedro.com.ar\/sitio\/?p=98463"},"modified":"2021-09-04T15:05:47","modified_gmt":"2021-09-04T18:05:47","slug":"los-campedrinos-estaran-presentes-en-la-pena-de-morfi-este-domingo","status":"publish","type":"post","link":"https:\/\/eldiariodesanpedro.com.ar\/sitio\/los-campedrinos-estaran-presentes-en-la-pena-de-morfi-este-domingo\/","title":{"rendered":"Los Campedrinos estaran presentes en la Pe\u00f1a de Morfi este domingo"},"content":{"rendered":"<!-- VideographyWP Plugin Message: Automatic video embedding prevented by plugin options. -->\n\n<p><strong>CAMPEDRINOS,<\/strong> el d\u00fao integrado por Sergio y Agust\u00edn, los folcloristas m\u00e1s escuchados en la plataformas digitales, que superaron las 6 millones de reproducciones en un solo video en youtube, vuelven este domingo a la pe\u00f1a de morfi que se puede ver por TELEFE donde presentar\u00e1n su regreso a los escenarios, luego del exitoso lanzamiento de su video <strong>\u201cFolklore Rom\u00e1ntico\u201d<\/strong> y de presentarse como artistas invitados en el show de Soledad.<\/p>\n\n\n\n<p>Las fechas son el viernes 22 de octubre en <strong>La Trastienda<\/strong> de la Ciudad de Buenos Aires y el jueves 18 de noviembre en el Quality Espacio de la provincia de C\u00f3rdoba, dos de las plazas art\u00edsticas que m\u00e1s extra\u00f1aron sentir en vivo las voces y la energ\u00eda de <strong>CAMPEDRINOS<\/strong> durante este a\u00f1o y medio de virtualidad.<\/p>\n\n\n\n<p>Las entradas ya se encuentran a la venta v\u00eda online (<a href=\"http:\/\/www.campedrinos.com\/\" target=\"_blank\" rel=\"noreferrer noopener\">www.campedrinos.com<\/a>) y en la boleter\u00eda de ambas salas.<\/p>\n","protected":false},"excerpt":{"rendered":"<p>CAMPEDRINOS, el d\u00fao integrado por Sergio y Agust\u00edn, los folcloristas m\u00e1s escuchados en la plataformas digitales, que superaron las 6 millones de reproducciones en un solo video en youtube, vuelven este domingo a la pe\u00f1a de morfi que se puede ver por TELEFE donde presentar\u00e1n su regreso a los escenarios, luego del exitoso lanzamiento de [&hellip;]<\/p>\n","protected":false},"author":4,"featured_media":98464,"comment_status":"closed","ping_status":"closed","sticky":false,"template":"","format":"standard","meta":{"om_disable_all_campaigns":false,"_jetpack_memberships_contains_paid_content":false,"footnotes":""},"categories":[101,2],"tags":[],"class_list":["post-98463","post","type-post","status-publish","format-standard","has-post-thumbnail","hentry","category-interes-general-locales","category-locales"],"aioseo_notices":[],"gutentor_comment":0,"jetpack_featured_media_url":"https:\/\/eldiariodesanpedro.com.ar\/sitio\/wp-content\/uploads\/2021\/09\/campe-morfi.jpg","jetpack_shortlink":"https:\/\/wp.me\/p6RhLt-pC7","jetpack_sharing_enabled":true,"_links":{"self":[{"href":"https:\/\/eldiariodesanpedro.com.ar\/sitio\/wp-json\/wp\/v2\/posts\/98463","targetHints":{"allow":["GET"]}}],"collection":[{"href":"https:\/\/eldiariodesanpedro.com.ar\/sitio\/wp-json\/wp\/v2\/posts"}],"about":[{"href":"https:\/\/eldiariodesanpedro.com.ar\/sitio\/wp-json\/wp\/v2\/types\/post"}],"author":[{"embeddable":true,"href":"https:\/\/eldiariodesanpedro.com.ar\/sitio\/wp-json\/wp\/v2\/users\/4"}],"replies":[{"embeddable":true,"href":"https:\/\/eldiariodesanpedro.com.ar\/sitio\/wp-json\/wp\/v2\/comments?post=98463"}],"version-history":[{"count":1,"href":"https:\/\/eldiariodesanpedro.com.ar\/sitio\/wp-json\/wp\/v2\/posts\/98463\/revisions"}],"predecessor-version":[{"id":98465,"href":"https:\/\/eldiariodesanpedro.com.ar\/sitio\/wp-json\/wp\/v2\/posts\/98463\/revisions\/98465"}],"wp:featuredmedia":[{"embeddable":true,"href":"https:\/\/eldiariodesanpedro.com.ar\/sitio\/wp-json\/wp\/v2\/media\/98464"}],"wp:attachment":[{"href":"https:\/\/eldiariodesanpedro.com.ar\/sitio\/wp-json\/wp\/v2\/media?parent=98463"}],"wp:term":[{"taxonomy":"category","embeddable":true,"href":"https:\/\/eldiariodesanpedro.com.ar\/sitio\/wp-json\/wp\/v2\/categories?post=98463"},{"taxonomy":"post_tag","embeddable":true,"href":"https:\/\/eldiariodesanpedro.com.ar\/sitio\/wp-json\/wp\/v2\/tags?post=98463"}],"curies":[{"name":"wp","href":"https:\/\/api.w.org\/{rel}","templated":true}]}}