{"id":98461,"date":"2021-09-03T21:07:05","date_gmt":"2021-09-04T00:07:05","guid":{"rendered":"https:\/\/eldiariodesanpedro.com.ar\/sitio\/?p=98461"},"modified":"2021-09-03T21:07:10","modified_gmt":"2021-09-04T00:07:10","slug":"grave-accidente-donde-un-menor-fue-trasladado-al-chocar-un-automovil-y-una-motocicleta-frente-al-club-pescadores","status":"publish","type":"post","link":"https:\/\/eldiariodesanpedro.com.ar\/sitio\/grave-accidente-donde-un-menor-fue-trasladado-al-chocar-un-automovil-y-una-motocicleta-frente-al-club-pescadores\/","title":{"rendered":"Grave accidente donde un menor fue trasladado al chocar un autom\u00f3vil y una motocicleta frente al Club Pescadores"},"content":{"rendered":"<!-- VideographyWP Plugin Message: Automatic video embedding prevented by plugin options. -->\n\n<p>En la jornada de hoy en horas de la tarde ocurri\u00f3 un accidente de tr\u00e1nsito en la zona costanera donde un joven y un mayor fueron trasladados al nosocomio local con heridas leves.<\/p>\n\n\n\n<p>En la tarde de este viernes alrededor de las 17:30 hs ocurri\u00f3 un accidente de tr\u00e1nsito en la Av. Espa\u00f1a bien frente al acceso del Club Pescadores donde una motocicleta que ven\u00eda circulando con un hombre mayor de edad y un joven menor impactan a un autom\u00f3vil Ford Focus que sal\u00eda marcha atr\u00e1s de estar estacionado en el club.\u00a0<\/p>\n\n\n\n<p>En el lugar se tuvieron que hacer presentes dos ambulancias, una del SAME y la otra del CEM para trasladar a los individuos al nosocomio local.<\/p>\n\n\n\n<figure class=\"wp-block-image size-large\"><img decoding=\"async\" width=\"1024\" height=\"498\" data-attachment-id=\"98449\" data-permalink=\"https:\/\/eldiariodesanpedro.com.ar\/sitio\/20210903_182914\/\" data-orig-file=\"https:\/\/eldiariodesanpedro.com.ar\/sitio\/wp-content\/uploads\/2021\/09\/20210903_182914-scaled.jpg\" data-orig-size=\"2560,1244\" data-comments-opened=\"0\" data-image-meta=\"{&quot;aperture&quot;:&quot;1.7&quot;,&quot;credit&quot;:&quot;&quot;,&quot;camera&quot;:&quot;SM-G955F&quot;,&quot;caption&quot;:&quot;&quot;,&quot;created_timestamp&quot;:&quot;1630693754&quot;,&quot;copyright&quot;:&quot;&quot;,&quot;focal_length&quot;:&quot;4.2&quot;,&quot;iso&quot;:&quot;160&quot;,&quot;shutter_speed&quot;:&quot;0.016666666666667&quot;,&quot;title&quot;:&quot;&quot;,&quot;orientation&quot;:&quot;1&quot;}\" data-image-title=\"20210903_182914\" data-image-description=\"\" data-image-caption=\"\" data-large-file=\"https:\/\/eldiariodesanpedro.com.ar\/sitio\/wp-content\/uploads\/2021\/09\/20210903_182914-1024x498.jpg\" data-src=\"https:\/\/eldiariodesanpedro.com.ar\/sitio\/wp-content\/uploads\/2021\/09\/20210903_182914-1024x498.jpg\" alt=\"\" class=\"wp-image-98449 lazyload\" data-srcset=\"https:\/\/eldiariodesanpedro.com.ar\/sitio\/wp-content\/uploads\/2021\/09\/20210903_182914-1024x498.jpg 1024w, https:\/\/eldiariodesanpedro.com.ar\/sitio\/wp-content\/uploads\/2021\/09\/20210903_182914-300x146.jpg 300w, https:\/\/eldiariodesanpedro.com.ar\/sitio\/wp-content\/uploads\/2021\/09\/20210903_182914-768x373.jpg 768w, https:\/\/eldiariodesanpedro.com.ar\/sitio\/wp-content\/uploads\/2021\/09\/20210903_182914-1536x747.jpg 1536w, https:\/\/eldiariodesanpedro.com.ar\/sitio\/wp-content\/uploads\/2021\/09\/20210903_182914-2048x996.jpg 2048w\" data-sizes=\"(max-width: 1024px) 100vw, 1024px\" src=\"data:image\/svg+xml;base64,PHN2ZyB3aWR0aD0iMSIgaGVpZ2h0PSIxIiB4bWxucz0iaHR0cDovL3d3dy53My5vcmcvMjAwMC9zdmciPjwvc3ZnPg==\" style=\"--smush-placeholder-width: 1024px; --smush-placeholder-aspect-ratio: 1024\/498;\" \/><\/figure>\n","protected":false},"excerpt":{"rendered":"<p>En la jornada de hoy en horas de la tarde ocurri\u00f3 un accidente de tr\u00e1nsito en la zona costanera donde un joven y un mayor fueron trasladados al nosocomio local con heridas leves. En la tarde de este viernes alrededor de las 17:30 hs ocurri\u00f3 un accidente de tr\u00e1nsito en la Av. Espa\u00f1a bien frente [&hellip;]<\/p>\n","protected":false},"author":4,"featured_media":98457,"comment_status":"closed","ping_status":"closed","sticky":false,"template":"","format":"standard","meta":{"om_disable_all_campaigns":false,"_jetpack_memberships_contains_paid_content":false,"footnotes":""},"categories":[2,103],"tags":[],"class_list":["post-98461","post","type-post","status-publish","format-standard","has-post-thumbnail","hentry","category-locales","category-policiales-locales"],"aioseo_notices":[],"gutentor_comment":0,"jetpack_featured_media_url":"https:\/\/eldiariodesanpedro.com.ar\/sitio\/wp-content\/uploads\/2021\/09\/20210903_182724-scaled.jpg","jetpack_shortlink":"https:\/\/wp.me\/p6RhLt-pC5","jetpack_sharing_enabled":true,"_links":{"self":[{"href":"https:\/\/eldiariodesanpedro.com.ar\/sitio\/wp-json\/wp\/v2\/posts\/98461","targetHints":{"allow":["GET"]}}],"collection":[{"href":"https:\/\/eldiariodesanpedro.com.ar\/sitio\/wp-json\/wp\/v2\/posts"}],"about":[{"href":"https:\/\/eldiariodesanpedro.com.ar\/sitio\/wp-json\/wp\/v2\/types\/post"}],"author":[{"embeddable":true,"href":"https:\/\/eldiariodesanpedro.com.ar\/sitio\/wp-json\/wp\/v2\/users\/4"}],"replies":[{"embeddable":true,"href":"https:\/\/eldiariodesanpedro.com.ar\/sitio\/wp-json\/wp\/v2\/comments?post=98461"}],"version-history":[{"count":1,"href":"https:\/\/eldiariodesanpedro.com.ar\/sitio\/wp-json\/wp\/v2\/posts\/98461\/revisions"}],"predecessor-version":[{"id":98462,"href":"https:\/\/eldiariodesanpedro.com.ar\/sitio\/wp-json\/wp\/v2\/posts\/98461\/revisions\/98462"}],"wp:featuredmedia":[{"embeddable":true,"href":"https:\/\/eldiariodesanpedro.com.ar\/sitio\/wp-json\/wp\/v2\/media\/98457"}],"wp:attachment":[{"href":"https:\/\/eldiariodesanpedro.com.ar\/sitio\/wp-json\/wp\/v2\/media?parent=98461"}],"wp:term":[{"taxonomy":"category","embeddable":true,"href":"https:\/\/eldiariodesanpedro.com.ar\/sitio\/wp-json\/wp\/v2\/categories?post=98461"},{"taxonomy":"post_tag","embeddable":true,"href":"https:\/\/eldiariodesanpedro.com.ar\/sitio\/wp-json\/wp\/v2\/tags?post=98461"}],"curies":[{"name":"wp","href":"https:\/\/api.w.org\/{rel}","templated":true}]}}