{"id":9846,"date":"2016-11-07T18:29:46","date_gmt":"2016-11-07T21:29:46","guid":{"rendered":"https:\/\/eldiariodesanpedro.com.ar\/sitio\/?p=9846"},"modified":"2016-11-07T21:07:43","modified_gmt":"2016-11-08T00:07:43","slug":"el-duo-vecina-se-presento-en-san-pedro","status":"publish","type":"post","link":"https:\/\/eldiariodesanpedro.com.ar\/sitio\/el-duo-vecina-se-presento-en-san-pedro\/","title":{"rendered":"El d\u00fao Vecina se present\u00f3 en San Pedro"},"content":{"rendered":"<p><!-- VideographyWP Plugin Message: Automatic video embedding prevented by plugin options. --><br \/>\nPor iniciativa de la Direcci\u00f3n de Cultura de la Municipalidad de San Pedro, se llev\u00f3 a cabo el evento que tuvo lugar en la Plazoleta Fray Cayetano Jos\u00e9 Rodr\u00edguez con entrada libre y gratuita.<\/p>\n<p>El d\u00fao femenino, fundado por Marianela Cuzzani y Laura Ledesma, toc\u00f3 sus temas inspirados en distintas corrientes de folclore latinoamericano. Guitarra, acorde\u00f3n, caj\u00f3n peruano y jarana jarocha \u2013un ukelele de origen mexicano\u2013 son algunos de los instrumentos que acompa\u00f1aron al d\u00fao del barrio porte\u00f1o de Colegiales.<\/p>\n<p>La banda comenz\u00f3 a transitar su camino tocando en la vereda ante un p\u00fablico de vecinos. Tras ganar el concurso EU! F\u00e1brica de m\u00fasica, grabaron su primer disco, \u201cFoto de un buen d\u00eda\u201d.<\/p>\n<p>Adem\u00e1s, esta actividad fue complementada por el trabajo 10 muralistas de Capital Federal, entre ellos: Piki, Lucha, COF, Nalter, K2man, Scholler, Verito, Grito, Sony Rolls Rolls y DFG. Los artistas trabajaron en el Teatro Siripo y en la Escuela N\u00b0 502, cambiando su actual fachada por una m\u00e1s alegre y colorida.<\/p>\n","protected":false},"excerpt":{"rendered":"<p>Por iniciativa de la Direcci\u00f3n de Cultura de la Municipalidad de San Pedro, se llev\u00f3 a cabo el evento que tuvo lugar en la Plazoleta Fray Cayetano Jos\u00e9 Rodr\u00edguez con entrada libre y gratuita. El d\u00fao femenino, fundado por Marianela Cuzzani y Laura Ledesma, toc\u00f3 sus temas inspirados en distintas corrientes de folclore latinoamericano. Guitarra, [&hellip;]<\/p>\n","protected":false},"author":4,"featured_media":9847,"comment_status":"open","ping_status":"closed","sticky":false,"template":"","format":"standard","meta":{"om_disable_all_campaigns":false,"_jetpack_memberships_contains_paid_content":false,"footnotes":""},"categories":[101,2],"tags":[],"class_list":["post-9846","post","type-post","status-publish","format-standard","has-post-thumbnail","hentry","category-interes-general-locales","category-locales"],"aioseo_notices":[],"gutentor_comment":0,"jetpack_featured_media_url":"https:\/\/eldiariodesanpedro.com.ar\/sitio\/wp-content\/uploads\/2016\/11\/PAGINA-3.jpeg","jetpack_shortlink":"https:\/\/wp.me\/p6RhLt-2yO","jetpack_sharing_enabled":true,"_links":{"self":[{"href":"https:\/\/eldiariodesanpedro.com.ar\/sitio\/wp-json\/wp\/v2\/posts\/9846","targetHints":{"allow":["GET"]}}],"collection":[{"href":"https:\/\/eldiariodesanpedro.com.ar\/sitio\/wp-json\/wp\/v2\/posts"}],"about":[{"href":"https:\/\/eldiariodesanpedro.com.ar\/sitio\/wp-json\/wp\/v2\/types\/post"}],"author":[{"embeddable":true,"href":"https:\/\/eldiariodesanpedro.com.ar\/sitio\/wp-json\/wp\/v2\/users\/4"}],"replies":[{"embeddable":true,"href":"https:\/\/eldiariodesanpedro.com.ar\/sitio\/wp-json\/wp\/v2\/comments?post=9846"}],"version-history":[{"count":1,"href":"https:\/\/eldiariodesanpedro.com.ar\/sitio\/wp-json\/wp\/v2\/posts\/9846\/revisions"}],"predecessor-version":[{"id":9848,"href":"https:\/\/eldiariodesanpedro.com.ar\/sitio\/wp-json\/wp\/v2\/posts\/9846\/revisions\/9848"}],"wp:featuredmedia":[{"embeddable":true,"href":"https:\/\/eldiariodesanpedro.com.ar\/sitio\/wp-json\/wp\/v2\/media\/9847"}],"wp:attachment":[{"href":"https:\/\/eldiariodesanpedro.com.ar\/sitio\/wp-json\/wp\/v2\/media?parent=9846"}],"wp:term":[{"taxonomy":"category","embeddable":true,"href":"https:\/\/eldiariodesanpedro.com.ar\/sitio\/wp-json\/wp\/v2\/categories?post=9846"},{"taxonomy":"post_tag","embeddable":true,"href":"https:\/\/eldiariodesanpedro.com.ar\/sitio\/wp-json\/wp\/v2\/tags?post=9846"}],"curies":[{"name":"wp","href":"https:\/\/api.w.org\/{rel}","templated":true}]}}