{"id":98395,"date":"2021-09-02T23:19:30","date_gmt":"2021-09-03T02:19:30","guid":{"rendered":"https:\/\/eldiariodesanpedro.com.ar\/sitio\/?p=98395"},"modified":"2021-09-02T23:19:34","modified_gmt":"2021-09-03T02:19:34","slug":"edicto-de-sucesion-de-gilda-cecilia-mangione-2","status":"publish","type":"post","link":"https:\/\/eldiariodesanpedro.com.ar\/sitio\/edicto-de-sucesion-de-gilda-cecilia-mangione-2\/","title":{"rendered":"Edicto de Sucesi\u00f3n de Gilda Cecilia Mangione"},"content":{"rendered":"<!-- VideographyWP Plugin Message: Automatic video embedding prevented by plugin options. -->\n\n<p>El Juzgado de&nbsp;Paz Letrado de la ciudad de San&nbsp; Pedro ( B ) Departamento Judicial de San Nicol\u00e1s&nbsp;( B ) cita y emplaza por treinta d\u00edas a herederos y acreedores de la Sra <strong><strong>Gilda Cecilia Mangione<\/strong><\/strong> con L. C. 1.872373.&nbsp; San Pedro a los 02 d\u00edas&nbsp; del mes Setiembre&nbsp; de 2021 .-<\/p>\n\n\n\n<p>DR. FACUNDO VELLON&nbsp;<br>ABOGADO SECRETARIO&nbsp;<\/p>\n","protected":false},"excerpt":{"rendered":"<p>El Juzgado de&nbsp;Paz Letrado de la ciudad de San&nbsp; Pedro ( B ) Departamento Judicial de San Nicol\u00e1s&nbsp;( B ) cita y emplaza por treinta d\u00edas a herederos y acreedores de la Sra Gilda Cecilia Mangione con L. C. 1.872373.&nbsp; San Pedro a los 02 d\u00edas&nbsp; del mes Setiembre&nbsp; de 2021 .- DR. FACUNDO VELLON&nbsp;ABOGADO [&hellip;]<\/p>\n","protected":false},"author":4,"featured_media":81115,"comment_status":"closed","ping_status":"closed","sticky":false,"template":"","format":"standard","meta":{"om_disable_all_campaigns":false,"_jetpack_memberships_contains_paid_content":false,"footnotes":""},"categories":[676,677],"tags":[2111,2325,1355],"class_list":["post-98395","post","type-post","status-publish","format-standard","has-post-thumbnail","hentry","category-edictos","category-edictos-sucesorios","tag-edicto-de-sucesion","tag-gilda-cecilia-mangione","tag-judiciales"],"aioseo_notices":[],"gutentor_comment":0,"jetpack_featured_media_url":"https:\/\/eldiariodesanpedro.com.ar\/sitio\/wp-content\/uploads\/2020\/09\/Poder-Judicial.jpg","jetpack_shortlink":"https:\/\/wp.me\/p6RhLt-pB1","jetpack_sharing_enabled":true,"_links":{"self":[{"href":"https:\/\/eldiariodesanpedro.com.ar\/sitio\/wp-json\/wp\/v2\/posts\/98395","targetHints":{"allow":["GET"]}}],"collection":[{"href":"https:\/\/eldiariodesanpedro.com.ar\/sitio\/wp-json\/wp\/v2\/posts"}],"about":[{"href":"https:\/\/eldiariodesanpedro.com.ar\/sitio\/wp-json\/wp\/v2\/types\/post"}],"author":[{"embeddable":true,"href":"https:\/\/eldiariodesanpedro.com.ar\/sitio\/wp-json\/wp\/v2\/users\/4"}],"replies":[{"embeddable":true,"href":"https:\/\/eldiariodesanpedro.com.ar\/sitio\/wp-json\/wp\/v2\/comments?post=98395"}],"version-history":[{"count":1,"href":"https:\/\/eldiariodesanpedro.com.ar\/sitio\/wp-json\/wp\/v2\/posts\/98395\/revisions"}],"predecessor-version":[{"id":98397,"href":"https:\/\/eldiariodesanpedro.com.ar\/sitio\/wp-json\/wp\/v2\/posts\/98395\/revisions\/98397"}],"wp:featuredmedia":[{"embeddable":true,"href":"https:\/\/eldiariodesanpedro.com.ar\/sitio\/wp-json\/wp\/v2\/media\/81115"}],"wp:attachment":[{"href":"https:\/\/eldiariodesanpedro.com.ar\/sitio\/wp-json\/wp\/v2\/media?parent=98395"}],"wp:term":[{"taxonomy":"category","embeddable":true,"href":"https:\/\/eldiariodesanpedro.com.ar\/sitio\/wp-json\/wp\/v2\/categories?post=98395"},{"taxonomy":"post_tag","embeddable":true,"href":"https:\/\/eldiariodesanpedro.com.ar\/sitio\/wp-json\/wp\/v2\/tags?post=98395"}],"curies":[{"name":"wp","href":"https:\/\/api.w.org\/{rel}","templated":true}]}}