{"id":98387,"date":"2021-09-02T20:35:05","date_gmt":"2021-09-02T23:35:05","guid":{"rendered":"https:\/\/eldiariodesanpedro.com.ar\/sitio\/?p=98387"},"modified":"2021-09-02T20:35:09","modified_gmt":"2021-09-02T23:35:09","slug":"ramallo-detienen-a-un-sujeto-imputado-de-abuso-sexual-con-acceso-carnal","status":"publish","type":"post","link":"https:\/\/eldiariodesanpedro.com.ar\/sitio\/ramallo-detienen-a-un-sujeto-imputado-de-abuso-sexual-con-acceso-carnal\/","title":{"rendered":"RAMALLO | Detienen a un sujeto imputado de abuso sexual con acceso carnal"},"content":{"rendered":"<!-- VideographyWP Plugin Message: Automatic video embedding prevented by plugin options. -->\n\n<p>Un hombre de 20 a\u00f1os fue detenido e imputado de abuso sexual con acceso carnal este jueves informaron desde la Comisar\u00eda Primera de la ciudad de Ramallo.<\/p>\n\n\n\n<p><br>A partir de las actuaciones iniciadas en Comisaria la Mujer y la Familia Ramallo el pasado 9 de octubre de 2020 ante la denuncia por el delito de abuso sexual con acceso carnal, y las diligencias que llevaron adelante desde la U.F.I N\u00b0 03 del departamento Judicial San Nicol\u00e1s lograron reunir las pruebas para detener en estas \u00faltimas horas al imputado.<\/p>\n\n\n\n<p><br>Seg\u00fan informaron desde sede policial tras tareas de campo realizadas por personal de Comisaria de la Mujer y la Familia Ramallo, solicitaron la detenci\u00f3n del imputado. Tras la decisi\u00f3n de la fiscal actuante la orden fue otorgada a la Comisaria Ramallo Primera este jueves.<br>&nbsp;<\/p>\n\n\n\n<p>En el transcurso de la jornada en forma conjunta personal Grupo de Tareas Operativas, Comisaria de la Mujer y Familia de Ramallo y Grupo de Tareas Operativas de P\u00e9rez Mill\u00e1n, procedieron a cumplimentar de diligencia judicial logrando detener al imputado ALBERTO NAHUEL GONZALEZ (20 a\u00f1os).<br>&nbsp;<\/p>\n\n\n\n<p>Posteriormente informado las autoridades del Juzgado de Garant\u00edas avalaron lo actuado y dispusieron que el imputado quede alojado a la espera reubicaci\u00f3n a Unidad Carcelaria.\u00a0<\/p>\n\n\n\n<p>Funete: <a href=\"https:\/\/laradioramallo.com.ar\/nota\/8804\/detienen-a-un-sujeto-imputado-de-abuso-sexual-con-acceso-carnal\">Fm Acero<\/a><\/p>\n","protected":false},"excerpt":{"rendered":"<p>Un hombre de 20 a\u00f1os fue detenido e imputado de abuso sexual con acceso carnal este jueves informaron desde la Comisar\u00eda Primera de la ciudad de Ramallo. A partir de las actuaciones iniciadas en Comisaria la Mujer y la Familia Ramallo el pasado 9 de octubre de 2020 ante la denuncia por el delito de [&hellip;]<\/p>\n","protected":false},"author":4,"featured_media":98388,"comment_status":"closed","ping_status":"closed","sticky":false,"template":"","format":"standard","meta":{"om_disable_all_campaigns":false,"_jetpack_memberships_contains_paid_content":false,"footnotes":""},"categories":[621],"tags":[],"class_list":["post-98387","post","type-post","status-publish","format-standard","has-post-thumbnail","hentry","category-regionales"],"aioseo_notices":[],"gutentor_comment":0,"jetpack_featured_media_url":"https:\/\/eldiariodesanpedro.com.ar\/sitio\/wp-content\/uploads\/2021\/09\/medida-3.jpg","jetpack_shortlink":"https:\/\/wp.me\/p6RhLt-pAT","jetpack_sharing_enabled":true,"_links":{"self":[{"href":"https:\/\/eldiariodesanpedro.com.ar\/sitio\/wp-json\/wp\/v2\/posts\/98387","targetHints":{"allow":["GET"]}}],"collection":[{"href":"https:\/\/eldiariodesanpedro.com.ar\/sitio\/wp-json\/wp\/v2\/posts"}],"about":[{"href":"https:\/\/eldiariodesanpedro.com.ar\/sitio\/wp-json\/wp\/v2\/types\/post"}],"author":[{"embeddable":true,"href":"https:\/\/eldiariodesanpedro.com.ar\/sitio\/wp-json\/wp\/v2\/users\/4"}],"replies":[{"embeddable":true,"href":"https:\/\/eldiariodesanpedro.com.ar\/sitio\/wp-json\/wp\/v2\/comments?post=98387"}],"version-history":[{"count":1,"href":"https:\/\/eldiariodesanpedro.com.ar\/sitio\/wp-json\/wp\/v2\/posts\/98387\/revisions"}],"predecessor-version":[{"id":98389,"href":"https:\/\/eldiariodesanpedro.com.ar\/sitio\/wp-json\/wp\/v2\/posts\/98387\/revisions\/98389"}],"wp:featuredmedia":[{"embeddable":true,"href":"https:\/\/eldiariodesanpedro.com.ar\/sitio\/wp-json\/wp\/v2\/media\/98388"}],"wp:attachment":[{"href":"https:\/\/eldiariodesanpedro.com.ar\/sitio\/wp-json\/wp\/v2\/media?parent=98387"}],"wp:term":[{"taxonomy":"category","embeddable":true,"href":"https:\/\/eldiariodesanpedro.com.ar\/sitio\/wp-json\/wp\/v2\/categories?post=98387"},{"taxonomy":"post_tag","embeddable":true,"href":"https:\/\/eldiariodesanpedro.com.ar\/sitio\/wp-json\/wp\/v2\/tags?post=98387"}],"curies":[{"name":"wp","href":"https:\/\/api.w.org\/{rel}","templated":true}]}}