{"id":98384,"date":"2021-09-02T20:10:58","date_gmt":"2021-09-02T23:10:58","guid":{"rendered":"https:\/\/eldiariodesanpedro.com.ar\/sitio\/?p=98384"},"modified":"2021-09-02T20:11:03","modified_gmt":"2021-09-02T23:11:03","slug":"los-mayores-de-60-anos-tendran-prioridad-para-votar","status":"publish","type":"post","link":"https:\/\/eldiariodesanpedro.com.ar\/sitio\/los-mayores-de-60-anos-tendran-prioridad-para-votar\/","title":{"rendered":"Los mayores de 60 a\u00f1os tendr\u00e1n prioridad para votar"},"content":{"rendered":"<!-- VideographyWP Plugin Message: Automatic video embedding prevented by plugin options. -->\n\n<p>Con el fin de brindar seguridad sanitaria durante las elecciones legislativas 2021, las autoridades pertinentes, establecieron medidas de prevenci\u00f3n espec\u00edficas para el normal desarrollo de la jornada electoral a desarrollarse el domingo 12 de septiembre.<\/p>\n\n\n\n<p>Es por ello que se han dispuesto una serie de pautas con el objetivo de cuidar a los adultos mayores y a todas aquellas personas de riesgo.<\/p>\n\n\n\n<p>Por esta raz\u00f3n las personas mayores de 60 a\u00f1os tendr\u00e1n prioridad para emitir el voto en cualquier momento del d\u00eda, dentro del horario de votaci\u00f3n especificado entre las 08:00 y las 18:00.<\/p>\n\n\n\n<p>Es importante que todos los ciudadanos cumplan con las medidas de prevenci\u00f3n vigentes hasta el momento a la hora de ir a emitir el sufragio como el uso de barbijo, el distanciamiento social y la higiene permanente de manos.<\/p>\n\n\n\n<p>Cada establecimiento estar\u00e1 debidamente ventilado, con las mesas de votaci\u00f3n separadas y con un ingreso limitado seg\u00fan la capacidad de cada lugar. Para ello, se decidi\u00f3 que, en caso de ser necesario, se deber\u00e1 cortar la calle en la que est\u00e9 el ingreso al establecimiento para que las personas puedan formar las filas de manera correcta y ordenada.<\/p>\n\n\n\n<p>En algunos casos, se habilitar\u00e1 m\u00e1s de una puerta de ingreso al lugar para evitar la aglomeraci\u00f3n de personas y se realizar\u00e1 la sanitizaci\u00f3n correspondiente tanto a los electores como a las autoridades de mesa.<\/p>\n\n\n\n<p>En tanto, las fuerzas de seguridad ser\u00e1n las responsables de hacer cumplir todos los protocolos tanto dentro como fuera del establecimiento, asegurando el distanciamiento, el uso correcto del barbijo y garantizando que los electores no permanezcan adentro m\u00e1s tiempo del estrictamente necesario para emitir su voto.<\/p>\n\n\n\n<p>Todas estas medidas de prevenci\u00f3n nos dan la tranquilidad de que concurrir al establecimiento asignado para ejercer nuestro derecho es totalmente seguro si todos cumplimos responsablemente con los protocolos correspondientes.<\/p>\n","protected":false},"excerpt":{"rendered":"<p>Con el fin de brindar seguridad sanitaria durante las elecciones legislativas 2021, las autoridades pertinentes, establecieron medidas de prevenci\u00f3n espec\u00edficas para el normal desarrollo de la jornada electoral a desarrollarse el domingo 12 de septiembre. Es por ello que se han dispuesto una serie de pautas con el objetivo de cuidar a los adultos mayores [&hellip;]<\/p>\n","protected":false},"author":4,"featured_media":98385,"comment_status":"closed","ping_status":"closed","sticky":false,"template":"","format":"standard","meta":{"om_disable_all_campaigns":false,"_jetpack_memberships_contains_paid_content":false,"footnotes":""},"categories":[621],"tags":[197,808,33,2322,2323,681,19],"class_list":["post-98384","post","type-post","status-publish","format-standard","has-post-thumbnail","hentry","category-regionales","tag-buenos-aires","tag-coronavirus","tag-locales","tag-mayores-de-60-anos","tag-prioridad-para-votar","tag-regionales","tag-san-pedro"],"aioseo_notices":[],"gutentor_comment":0,"jetpack_featured_media_url":"https:\/\/eldiariodesanpedro.com.ar\/sitio\/wp-content\/uploads\/2021\/09\/no_5ygslxerj32ry3kETK4BAI4LFCJNO7OF3SVOZOHAM.jpg","jetpack_shortlink":"https:\/\/wp.me\/p6RhLt-pAQ","jetpack_sharing_enabled":true,"_links":{"self":[{"href":"https:\/\/eldiariodesanpedro.com.ar\/sitio\/wp-json\/wp\/v2\/posts\/98384","targetHints":{"allow":["GET"]}}],"collection":[{"href":"https:\/\/eldiariodesanpedro.com.ar\/sitio\/wp-json\/wp\/v2\/posts"}],"about":[{"href":"https:\/\/eldiariodesanpedro.com.ar\/sitio\/wp-json\/wp\/v2\/types\/post"}],"author":[{"embeddable":true,"href":"https:\/\/eldiariodesanpedro.com.ar\/sitio\/wp-json\/wp\/v2\/users\/4"}],"replies":[{"embeddable":true,"href":"https:\/\/eldiariodesanpedro.com.ar\/sitio\/wp-json\/wp\/v2\/comments?post=98384"}],"version-history":[{"count":1,"href":"https:\/\/eldiariodesanpedro.com.ar\/sitio\/wp-json\/wp\/v2\/posts\/98384\/revisions"}],"predecessor-version":[{"id":98386,"href":"https:\/\/eldiariodesanpedro.com.ar\/sitio\/wp-json\/wp\/v2\/posts\/98384\/revisions\/98386"}],"wp:featuredmedia":[{"embeddable":true,"href":"https:\/\/eldiariodesanpedro.com.ar\/sitio\/wp-json\/wp\/v2\/media\/98385"}],"wp:attachment":[{"href":"https:\/\/eldiariodesanpedro.com.ar\/sitio\/wp-json\/wp\/v2\/media?parent=98384"}],"wp:term":[{"taxonomy":"category","embeddable":true,"href":"https:\/\/eldiariodesanpedro.com.ar\/sitio\/wp-json\/wp\/v2\/categories?post=98384"},{"taxonomy":"post_tag","embeddable":true,"href":"https:\/\/eldiariodesanpedro.com.ar\/sitio\/wp-json\/wp\/v2\/tags?post=98384"}],"curies":[{"name":"wp","href":"https:\/\/api.w.org\/{rel}","templated":true}]}}