{"id":98369,"date":"2021-09-02T13:01:34","date_gmt":"2021-09-02T16:01:34","guid":{"rendered":"https:\/\/eldiariodesanpedro.com.ar\/sitio\/?p=98369"},"modified":"2021-09-02T13:01:39","modified_gmt":"2021-09-02T16:01:39","slug":"san-nicolas-subieron-las-internaciones-de-ninos-por-el-humo","status":"publish","type":"post","link":"https:\/\/eldiariodesanpedro.com.ar\/sitio\/san-nicolas-subieron-las-internaciones-de-ninos-por-el-humo\/","title":{"rendered":"SAN NICOLAS | Subieron las internaciones de ni\u00f1os por el humo"},"content":{"rendered":"<!-- VideographyWP Plugin Message: Automatic video embedding prevented by plugin options. -->\n\n<p>En la \u00faltima semana, tambi\u00e9n crecieron un 50 por ciento las consultas por problemas respiratorios a ra\u00edz de los incendios y el humo que lleg\u00f3 a San Nicol\u00e1s.<\/p>\n\n\n\n<p>Las internaciones y consultas de vecinos de\u00a0<strong>San Nicol\u00e1s<\/strong>\u00a0aumentaron entre un 30 y 50 por ciento en los \u00faltimos d\u00edas a ra\u00edz de complicaciones respiratorias por el\u00a0<strong>humo<\/strong>\u00a0que lleg\u00f3 a la ciudad tras los\u00a0<strong>incendios en el Delta<\/strong>.<\/p>\n\n\n\n<p>Seg\u00fan informaron fuentes del Hospital San Felipe a Infocielo, subi\u00f3 un 30 % las internaciones de ni\u00f1os entre 1 y 3 a\u00f1os por causas directas del humo en la zona.<\/p>\n\n\n\n<p>En tanto, tambi\u00e9n en el sector de Pediatr\u00eda, las consultas crecieron un 50 % con problemas en las v\u00edas respiratorias altas.<\/p>\n\n\n\n<p>Por otro lado, se acrecent\u00f3 un 20 % los hisopados realizados por irritaci\u00f3n nasal, dolor de garganta, rinitis, alergias tambi\u00e9n asociadas al efecto del humo.<\/p>\n\n\n\n<p>En la guardia m\u00e9dica, se vio incrementado en la \u00faltima semana en un 50 % lo llamados y consultas de personas con broncoespasmos y diversas complicaciones respiratorias.<\/p>\n\n\n\n<p>Fuente: Infocielo<\/p>\n","protected":false},"excerpt":{"rendered":"<p>En la \u00faltima semana, tambi\u00e9n crecieron un 50 por ciento las consultas por problemas respiratorios a ra\u00edz de los incendios y el humo que lleg\u00f3 a San Nicol\u00e1s. Las internaciones y consultas de vecinos de\u00a0San Nicol\u00e1s\u00a0aumentaron entre un 30 y 50 por ciento en los \u00faltimos d\u00edas a ra\u00edz de complicaciones respiratorias por el\u00a0humo\u00a0que lleg\u00f3 [&hellip;]<\/p>\n","protected":false},"author":4,"featured_media":98349,"comment_status":"closed","ping_status":"closed","sticky":false,"template":"","format":"standard","meta":{"om_disable_all_campaigns":false,"_jetpack_memberships_contains_paid_content":false,"footnotes":""},"categories":[621],"tags":[197,681,714],"class_list":["post-98369","post","type-post","status-publish","format-standard","has-post-thumbnail","hentry","category-regionales","tag-buenos-aires","tag-regionales","tag-san-nicolas"],"aioseo_notices":[],"gutentor_comment":0,"jetpack_featured_media_url":"https:\/\/eldiariodesanpedro.com.ar\/sitio\/wp-content\/uploads\/2021\/09\/240971107_10223387784875130_1126845264466521949_n.jpg","jetpack_shortlink":"https:\/\/wp.me\/p6RhLt-pAB","jetpack_sharing_enabled":true,"_links":{"self":[{"href":"https:\/\/eldiariodesanpedro.com.ar\/sitio\/wp-json\/wp\/v2\/posts\/98369","targetHints":{"allow":["GET"]}}],"collection":[{"href":"https:\/\/eldiariodesanpedro.com.ar\/sitio\/wp-json\/wp\/v2\/posts"}],"about":[{"href":"https:\/\/eldiariodesanpedro.com.ar\/sitio\/wp-json\/wp\/v2\/types\/post"}],"author":[{"embeddable":true,"href":"https:\/\/eldiariodesanpedro.com.ar\/sitio\/wp-json\/wp\/v2\/users\/4"}],"replies":[{"embeddable":true,"href":"https:\/\/eldiariodesanpedro.com.ar\/sitio\/wp-json\/wp\/v2\/comments?post=98369"}],"version-history":[{"count":1,"href":"https:\/\/eldiariodesanpedro.com.ar\/sitio\/wp-json\/wp\/v2\/posts\/98369\/revisions"}],"predecessor-version":[{"id":98371,"href":"https:\/\/eldiariodesanpedro.com.ar\/sitio\/wp-json\/wp\/v2\/posts\/98369\/revisions\/98371"}],"wp:featuredmedia":[{"embeddable":true,"href":"https:\/\/eldiariodesanpedro.com.ar\/sitio\/wp-json\/wp\/v2\/media\/98349"}],"wp:attachment":[{"href":"https:\/\/eldiariodesanpedro.com.ar\/sitio\/wp-json\/wp\/v2\/media?parent=98369"}],"wp:term":[{"taxonomy":"category","embeddable":true,"href":"https:\/\/eldiariodesanpedro.com.ar\/sitio\/wp-json\/wp\/v2\/categories?post=98369"},{"taxonomy":"post_tag","embeddable":true,"href":"https:\/\/eldiariodesanpedro.com.ar\/sitio\/wp-json\/wp\/v2\/tags?post=98369"}],"curies":[{"name":"wp","href":"https:\/\/api.w.org\/{rel}","templated":true}]}}