{"id":98336,"date":"2021-09-02T11:06:22","date_gmt":"2021-09-02T14:06:22","guid":{"rendered":"https:\/\/eldiariodesanpedro.com.ar\/sitio\/?p=98336"},"modified":"2021-09-02T11:06:27","modified_gmt":"2021-09-02T14:06:27","slug":"arrecifes-allanamiento-y-secuestros-de-cocaina-para-la-venta-al-menudeo","status":"publish","type":"post","link":"https:\/\/eldiariodesanpedro.com.ar\/sitio\/arrecifes-allanamiento-y-secuestros-de-cocaina-para-la-venta-al-menudeo\/","title":{"rendered":"ARRECIFES | Allanamiento y secuestros de cocaina para la venta al menudeo"},"content":{"rendered":"<!-- VideographyWP Plugin Message: Automatic video embedding prevented by plugin options. -->\n\n<p>En el marco de una investigaci\u00f3n penal preparatoria, vinculada al delito de comercializaci\u00f3n de sustancias estupefacientes, llevada a cabo por la Fiscal\u00eda N \u00ba: 1 de la ciudad de San Nicol\u00e1s, a cargo de Agente Fiscal Dra. Mar\u00eda Ver\u00f3nica Marcantonio, supervisando la labor de la Unidad de Coordinaci\u00f3n de estupefacientes del M.P. F. y ejecutadas por personal de la Delegaci\u00f3n del Trafico de Drogas Il\u00edcitas de San Nicol\u00e1s se efectivizaron tres \u00f3rdenes de allanamiento, otorgadas por el Juzgado de Garant\u00edas Dptal. N\u00b0 3 a cargo de la Sra. Juez Mar\u00eda Eugenia Maiztegui logr\u00e1ndose secuestrar del domicilio ubicado en la calle Santiago H. P\u00e9rez al 1141, de la localidad de Arrecifes, varios envoltorios conteniendo en su interior coca\u00edna, destinados para el consumo directo de la clientela Arrecife\u00f1a.-<\/p>\n\n\n\n<p>La investigaci\u00f3n data de varios meses atr\u00e1s, en la que mediante tareas investigativas, llevadas a cabo, por parte del personal policial de la Delegaci\u00f3n de Narcotr\u00e1fico de San Nicol\u00e1s, se logr\u00f3 establecer que una de las principales investigadas, una mujer con bastos antecedentes en materia de comercializaci\u00f3n de drogas, quien adem\u00e1s contaba con el beneficio de una medida de arresto domiciliario, otorgada en por una causa anterior, vinculada al mismo delito. En todo el transcurso de tiempo, en que se implement\u00f3 la vigilancia de los movimientos de los investigados, se logr\u00f3 establecer que Flavia Yanina Herrera, incursionaba en la venta de las sustancias estupefacientes en su propio domicilio, bajo la modalidad \u201c Kiosquito\u201d, como as\u00ed tambi\u00e9n en varias ocasiones realizaba dichas ventas en forma de \u201cDelivery\u201d, habi\u00e9ndose certificado la entrega de drogas por parte de \u00e9sta \u00faltima, a varios clientes en diferentes puntos de la ciudad de Arrecifes, esta \u00b4\u00faltima conducta criminal, se llevaba a cabo necesariamente, fuera de su domicilio y por lo tanto en franca violaci\u00f3n a los alcances del beneficio de arresto domiciliario, que le fuera otorgado en su oportunidad.<\/p>\n\n\n\n<p>Adem\u00e1s durante el curso de la investigaci\u00f3n, se logr\u00f3 establecer por parte del personal policial id\u00f3neo en materia de \u201c Narcotr\u00e1fico \u201d que las drogas que comercializaba, eran ocultadas pon un Masculino, a quien se lo logr\u00f3 identificar por el apodero del \u201c Santafesino \u201c y , un Segundo hombre, tambi\u00e9n le prestaba colaboraci\u00f3n a la investigada, al poner a su disposici\u00f3n un autom\u00f3vil con fachada de REMIS, para que de esta manera HERRERA, pueda transportar las sustancias prohibidas que comercializaba, en la v\u00eda p\u00fablica en diferentes puntos de la ciudad de Arrecifes.-<\/p>\n\n\n\n<p>Mediante la recolecci\u00f3n de ciertos datos objetivos, lugares, tiempos, seguimientos realizados y modalidades de ventas observadas, se logr\u00f3 colectar la mayor cantidad de pruebas necesarias para que la Dra. Mar\u00eda Ver\u00f3nica Marcantonio, genere firmes sospechas razonables y fundadas, que le permitieron peticionar ante la Magistrada interviniente, las correspondientes solicitudes de las correspondientes ordenes de allanamiento, las que fueron otorgadas por los contundentes elementos de convicci\u00f3n que acreditaban el delito y sus responsables.<\/p>\n\n\n\n<p>Los allanamientos, se efectivizaron por el personal policial, en horas de la tarde del d\u00eda Martes 31 de agosto del 2021, , irrumpiendo de manera simult\u00e1nea en los domicilios investigados, en donde, en uno de ellos, el situado en calle Santiago H. P\u00e9rez al 1.140 se logr\u00f3 secuestrar la cantidad de 56 envoltorios de coca\u00edna, una gran cantidad de coca\u00edna fraccionada para lo que conmumente se denomina \u201c Narcomenudeo \u201c, adem\u00e1s de una balanza digital , telefon\u00eda celular, dinero en efectivo y otros elementos que conforman el tipo penal, del delito de comercializaci\u00f3n de sustancias estupefacientes. Recolectadas las pruebas y una vez finalizado el allanamiento, la Fiscal Marcantonio, orden\u00f3 la aprehensi\u00f3n de Flavia Yanina Herrera, imput\u00e1ndole el delito de tenencia de estupefacientes con fines de comercializaci\u00f3n y el traslado de la misma a sede Judicial junto a los elementos secuestrados, siendo indagada la misma, en horas de la ma\u00f1ana del d\u00eda mi\u00e9rcoles 01 de Septiembre del corriente a\u00f1o.<\/p>\n\n\n\n<p>Desde la Unidad de Coordinaci\u00f3n de Estupefacientes del Ministerio P\u00fablico Fiscal San Nicol\u00e1s, se informa que Favia Herrera , se encontraba gozando de una medida de morigeraci\u00f3n de la coerci\u00f3n dada por el Tribunal en lo Criminal nro. 2 Dptal, a la espera de fecha de debate. Ademas la imputada, ya hab\u00eda sido condenada en fecha 6 de Julio de 2016 a la pena de 5 a\u00f1os de prisi\u00f3n por el mismo delito de comercializaci\u00f3n de estupefacientes.-,<\/p>\n\n\n\n<figure class=\"wp-block-image size-full\"><img decoding=\"async\" width=\"1024\" height=\"484\" data-attachment-id=\"98338\" data-permalink=\"https:\/\/eldiariodesanpedro.com.ar\/sitio\/arrecifes-allanamiento-y-secuestros-de-cocaina-para-la-venta-al-menudeo\/whatsapp-image-2021-09-01-at-9-14-27-pm\/\" data-orig-file=\"https:\/\/eldiariodesanpedro.com.ar\/sitio\/wp-content\/uploads\/2021\/09\/WhatsApp-Image-2021-09-01-at-9.14.27-PM.jpeg\" data-orig-size=\"1024,484\" data-comments-opened=\"0\" data-image-meta=\"{&quot;aperture&quot;:&quot;0&quot;,&quot;credit&quot;:&quot;&quot;,&quot;camera&quot;:&quot;&quot;,&quot;caption&quot;:&quot;&quot;,&quot;created_timestamp&quot;:&quot;0&quot;,&quot;copyright&quot;:&quot;&quot;,&quot;focal_length&quot;:&quot;0&quot;,&quot;iso&quot;:&quot;0&quot;,&quot;shutter_speed&quot;:&quot;0&quot;,&quot;title&quot;:&quot;&quot;,&quot;orientation&quot;:&quot;0&quot;}\" data-image-title=\"WhatsApp-Image-2021-09-01-at-9.14.27-PM\" data-image-description=\"\" data-image-caption=\"\" data-large-file=\"https:\/\/eldiariodesanpedro.com.ar\/sitio\/wp-content\/uploads\/2021\/09\/WhatsApp-Image-2021-09-01-at-9.14.27-PM.jpeg\" data-src=\"https:\/\/eldiariodesanpedro.com.ar\/sitio\/wp-content\/uploads\/2021\/09\/WhatsApp-Image-2021-09-01-at-9.14.27-PM.jpeg\" alt=\"\" class=\"wp-image-98338 lazyload\" data-srcset=\"https:\/\/eldiariodesanpedro.com.ar\/sitio\/wp-content\/uploads\/2021\/09\/WhatsApp-Image-2021-09-01-at-9.14.27-PM.jpeg 1024w, https:\/\/eldiariodesanpedro.com.ar\/sitio\/wp-content\/uploads\/2021\/09\/WhatsApp-Image-2021-09-01-at-9.14.27-PM-300x142.jpeg 300w, https:\/\/eldiariodesanpedro.com.ar\/sitio\/wp-content\/uploads\/2021\/09\/WhatsApp-Image-2021-09-01-at-9.14.27-PM-768x363.jpeg 768w\" data-sizes=\"(max-width: 1024px) 100vw, 1024px\" src=\"data:image\/svg+xml;base64,PHN2ZyB3aWR0aD0iMSIgaGVpZ2h0PSIxIiB4bWxucz0iaHR0cDovL3d3dy53My5vcmcvMjAwMC9zdmciPjwvc3ZnPg==\" style=\"--smush-placeholder-width: 1024px; --smush-placeholder-aspect-ratio: 1024\/484;\" \/><\/figure>\n","protected":false},"excerpt":{"rendered":"<p>En el marco de una investigaci\u00f3n penal preparatoria, vinculada al delito de comercializaci\u00f3n de sustancias estupefacientes, llevada a cabo por la Fiscal\u00eda N \u00ba: 1 de la ciudad de San Nicol\u00e1s, a cargo de Agente Fiscal Dra. Mar\u00eda Ver\u00f3nica Marcantonio, supervisando la labor de la Unidad de Coordinaci\u00f3n de estupefacientes del M.P. F. y ejecutadas [&hellip;]<\/p>\n","protected":false},"author":4,"featured_media":98337,"comment_status":"closed","ping_status":"closed","sticky":false,"template":"","format":"standard","meta":{"om_disable_all_campaigns":false,"_jetpack_memberships_contains_paid_content":false,"footnotes":""},"categories":[621],"tags":[122,640,197,681,2313],"class_list":["post-98336","post","type-post","status-publish","format-standard","has-post-thumbnail","hentry","category-regionales","tag-allanamiento","tag-arrecifes","tag-buenos-aires","tag-regionales","tag-secuestros-de-cocaina"],"aioseo_notices":[],"gutentor_comment":0,"jetpack_featured_media_url":"https:\/\/eldiariodesanpedro.com.ar\/sitio\/wp-content\/uploads\/2021\/09\/no_79d7gjgvh7bws2q0001_7069703039_20210901_145411_0000.png","jetpack_shortlink":"https:\/\/wp.me\/p6RhLt-pA4","jetpack_sharing_enabled":true,"_links":{"self":[{"href":"https:\/\/eldiariodesanpedro.com.ar\/sitio\/wp-json\/wp\/v2\/posts\/98336","targetHints":{"allow":["GET"]}}],"collection":[{"href":"https:\/\/eldiariodesanpedro.com.ar\/sitio\/wp-json\/wp\/v2\/posts"}],"about":[{"href":"https:\/\/eldiariodesanpedro.com.ar\/sitio\/wp-json\/wp\/v2\/types\/post"}],"author":[{"embeddable":true,"href":"https:\/\/eldiariodesanpedro.com.ar\/sitio\/wp-json\/wp\/v2\/users\/4"}],"replies":[{"embeddable":true,"href":"https:\/\/eldiariodesanpedro.com.ar\/sitio\/wp-json\/wp\/v2\/comments?post=98336"}],"version-history":[{"count":1,"href":"https:\/\/eldiariodesanpedro.com.ar\/sitio\/wp-json\/wp\/v2\/posts\/98336\/revisions"}],"predecessor-version":[{"id":98339,"href":"https:\/\/eldiariodesanpedro.com.ar\/sitio\/wp-json\/wp\/v2\/posts\/98336\/revisions\/98339"}],"wp:featuredmedia":[{"embeddable":true,"href":"https:\/\/eldiariodesanpedro.com.ar\/sitio\/wp-json\/wp\/v2\/media\/98337"}],"wp:attachment":[{"href":"https:\/\/eldiariodesanpedro.com.ar\/sitio\/wp-json\/wp\/v2\/media?parent=98336"}],"wp:term":[{"taxonomy":"category","embeddable":true,"href":"https:\/\/eldiariodesanpedro.com.ar\/sitio\/wp-json\/wp\/v2\/categories?post=98336"},{"taxonomy":"post_tag","embeddable":true,"href":"https:\/\/eldiariodesanpedro.com.ar\/sitio\/wp-json\/wp\/v2\/tags?post=98336"}],"curies":[{"name":"wp","href":"https:\/\/api.w.org\/{rel}","templated":true}]}}