{"id":98333,"date":"2021-09-02T10:38:27","date_gmt":"2021-09-02T13:38:27","guid":{"rendered":"https:\/\/eldiariodesanpedro.com.ar\/sitio\/?p=98333"},"modified":"2021-09-02T10:38:34","modified_gmt":"2021-09-02T13:38:34","slug":"baradero-cuatro-personas-encapuchadas-le-robaron-a-un-vecino-de-alsina","status":"publish","type":"post","link":"https:\/\/eldiariodesanpedro.com.ar\/sitio\/baradero-cuatro-personas-encapuchadas-le-robaron-a-un-vecino-de-alsina\/","title":{"rendered":"BARADERO | Cuatro personas encapuchadas le robaron a un vecino de Alsina"},"content":{"rendered":"<!-- VideographyWP Plugin Message: Automatic video embedding prevented by plugin options. -->\n\n<p><a href=\"https:\/\/tulineadirecta.com\/author\/tulineadirecta1\/\"><\/a>El hecho ocurri\u00f3 en la madrugada de Jueves desde un domicilio ubicado en Belgrano en la vecina localidad de Alsina cuando cuatro autores ignorados ingresaron y desde el lugar se llevaron dinero en efectivo y su tel\u00e9fono celular. Mar\u00eda Ang\u00e9lica Al\u00ed, delegada de la villa, inform\u00f3 que personal policial se encuentra realizando todas las averiguaciones correspondientes.<\/p>\n\n\n\n<p>\u201cLe revolvieron toda la casa y adem\u00e1s lo amenazaron\u201d sostuvo Mar\u00eda Ang\u00e9lica, quien adem\u00e1s agreg\u00f3 que el damnificado se encuentra en shock por la situaci\u00f3n.<\/p>\n\n\n\n<p>Fuente: <a href=\"https:\/\/tulineadirecta.com\/cuatro-personas-encapuchadas-le-robaron-a-un-vecino-de-alsina\/\">Tu Linea Directa<\/a><\/p>\n","protected":false},"excerpt":{"rendered":"<p>El hecho ocurri\u00f3 en la madrugada de Jueves desde un domicilio ubicado en Belgrano en la vecina localidad de Alsina cuando cuatro autores ignorados ingresaron y desde el lugar se llevaron dinero en efectivo y su tel\u00e9fono celular. Mar\u00eda Ang\u00e9lica Al\u00ed, delegada de la villa, inform\u00f3 que personal policial se encuentra realizando todas las averiguaciones [&hellip;]<\/p>\n","protected":false},"author":4,"featured_media":98334,"comment_status":"closed","ping_status":"closed","sticky":false,"template":"","format":"standard","meta":{"om_disable_all_campaigns":false,"_jetpack_memberships_contains_paid_content":false,"footnotes":""},"categories":[621],"tags":[],"class_list":["post-98333","post","type-post","status-publish","format-standard","has-post-thumbnail","hentry","category-regionales"],"aioseo_notices":[],"gutentor_comment":0,"jetpack_featured_media_url":"https:\/\/eldiariodesanpedro.com.ar\/sitio\/wp-content\/uploads\/2021\/09\/alsina-1.jpg","jetpack_shortlink":"https:\/\/wp.me\/p6RhLt-pA1","jetpack_sharing_enabled":true,"_links":{"self":[{"href":"https:\/\/eldiariodesanpedro.com.ar\/sitio\/wp-json\/wp\/v2\/posts\/98333","targetHints":{"allow":["GET"]}}],"collection":[{"href":"https:\/\/eldiariodesanpedro.com.ar\/sitio\/wp-json\/wp\/v2\/posts"}],"about":[{"href":"https:\/\/eldiariodesanpedro.com.ar\/sitio\/wp-json\/wp\/v2\/types\/post"}],"author":[{"embeddable":true,"href":"https:\/\/eldiariodesanpedro.com.ar\/sitio\/wp-json\/wp\/v2\/users\/4"}],"replies":[{"embeddable":true,"href":"https:\/\/eldiariodesanpedro.com.ar\/sitio\/wp-json\/wp\/v2\/comments?post=98333"}],"version-history":[{"count":1,"href":"https:\/\/eldiariodesanpedro.com.ar\/sitio\/wp-json\/wp\/v2\/posts\/98333\/revisions"}],"predecessor-version":[{"id":98335,"href":"https:\/\/eldiariodesanpedro.com.ar\/sitio\/wp-json\/wp\/v2\/posts\/98333\/revisions\/98335"}],"wp:featuredmedia":[{"embeddable":true,"href":"https:\/\/eldiariodesanpedro.com.ar\/sitio\/wp-json\/wp\/v2\/media\/98334"}],"wp:attachment":[{"href":"https:\/\/eldiariodesanpedro.com.ar\/sitio\/wp-json\/wp\/v2\/media?parent=98333"}],"wp:term":[{"taxonomy":"category","embeddable":true,"href":"https:\/\/eldiariodesanpedro.com.ar\/sitio\/wp-json\/wp\/v2\/categories?post=98333"},{"taxonomy":"post_tag","embeddable":true,"href":"https:\/\/eldiariodesanpedro.com.ar\/sitio\/wp-json\/wp\/v2\/tags?post=98333"}],"curies":[{"name":"wp","href":"https:\/\/api.w.org\/{rel}","templated":true}]}}