{"id":98329,"date":"2021-09-02T10:30:20","date_gmt":"2021-09-02T13:30:20","guid":{"rendered":"https:\/\/eldiariodesanpedro.com.ar\/sitio\/?p=98329"},"modified":"2021-09-02T10:30:24","modified_gmt":"2021-09-02T13:30:24","slug":"nacion-aprobo-el-proyecto-de-89-viviendas-de-la-cooperativa-nuestros-suenos","status":"publish","type":"post","link":"https:\/\/eldiariodesanpedro.com.ar\/sitio\/nacion-aprobo-el-proyecto-de-89-viviendas-de-la-cooperativa-nuestros-suenos\/","title":{"rendered":"Naci\u00f3n aprob\u00f3 el proyecto de 89 viviendas de la Cooperativa \u00abNuestros Sue\u00f1os\u00bb"},"content":{"rendered":"<!-- VideographyWP Plugin Message: Automatic video embedding prevented by plugin options. -->\n\n<p>En los pr\u00f3ximos d\u00edas ser\u00e1 firmado el convenio entre el municipio y el gobierno nacional.<\/p>\n\n\n\n<p>El Ministerio de Desarrollo Territorial y H\u00e1bitat no puso objeciones financieras al programa de viviendas de la cooperativa \u00abNuestros Sue\u00f1os\u00bb, que abarca un total de 89 viviendas.<\/p>\n\n\n\n<p>\u00abAtento a la documentaci\u00f3n remitida por el Organismo Solicitante con car\u00e1cter de Declaraci\u00f3n Jurada, respecto del Proyecto de referencia, y conforme al an\u00e1lisis efectuado esta Secretar\u00eda otorga la NO OBJECI\u00d3N FINANCIERA, ya que el mismo se ajusta a los requerimientos establecidos en los lineamientos espec\u00edficos del Programa Casa Propia \u2013 Construir Futuro aprobado por Resoluci\u00f3n 16\/2021 y su modificatoria 95\/2021 de este Ministerio de Desarrollo Territorial y H\u00e1bitat\u00bb expresa la resoluci\u00f3n.<\/p>\n\n\n\n<p>Bajo el modelo de administraci\u00f3n, el programa \u00abCasa Propia &#8211; Construir futuro\u00bb, comprende unidades habitacionales de 65,55 m2 cada una.<\/p>\n\n\n\n<p>El monto total de la obra es de $ 410.122.390,57, con un anticipo de $ 22.784.577,36 y un plazo de obra de 18 meses.<br>El convenio ser\u00e1 firmado en los pr\u00f3ximos d\u00edas entre el Municipio y el gobierno nacional.<\/p>\n\n\n\n<p>En el barrio ubicado al final de la Avenida 3 de Febrero comenz\u00f3, en marzo de este a\u00f1o, la obra de red cloacal, a cargo de ODACO Ingenier\u00eda, en el marco del plan \u00abArgentina Hace\u00bb<\/p>\n","protected":false},"excerpt":{"rendered":"<p>En los pr\u00f3ximos d\u00edas ser\u00e1 firmado el convenio entre el municipio y el gobierno nacional. El Ministerio de Desarrollo Territorial y H\u00e1bitat no puso objeciones financieras al programa de viviendas de la cooperativa \u00abNuestros Sue\u00f1os\u00bb, que abarca un total de 89 viviendas. \u00abAtento a la documentaci\u00f3n remitida por el Organismo Solicitante con car\u00e1cter de Declaraci\u00f3n [&hellip;]<\/p>\n","protected":false},"author":4,"featured_media":98331,"comment_status":"closed","ping_status":"closed","sticky":false,"template":"","format":"standard","meta":{"om_disable_all_campaigns":false,"_jetpack_memberships_contains_paid_content":false,"footnotes":""},"categories":[50,101,2],"tags":[2311,2312,696,19],"class_list":["post-98329","post","type-post","status-publish","format-standard","has-post-thumbnail","hentry","category-destacadas","category-interes-general-locales","category-locales","tag-89-viviendas","tag-cooperativa-nuestros-suenos","tag-interes-general","tag-san-pedro"],"aioseo_notices":[],"gutentor_comment":0,"jetpack_featured_media_url":"https:\/\/eldiariodesanpedro.com.ar\/sitio\/wp-content\/uploads\/2021\/09\/WhatsApp-Image-2021-09-02-at-10.17.29.jpeg","jetpack_shortlink":"https:\/\/wp.me\/p6RhLt-pzX","jetpack_sharing_enabled":true,"_links":{"self":[{"href":"https:\/\/eldiariodesanpedro.com.ar\/sitio\/wp-json\/wp\/v2\/posts\/98329","targetHints":{"allow":["GET"]}}],"collection":[{"href":"https:\/\/eldiariodesanpedro.com.ar\/sitio\/wp-json\/wp\/v2\/posts"}],"about":[{"href":"https:\/\/eldiariodesanpedro.com.ar\/sitio\/wp-json\/wp\/v2\/types\/post"}],"author":[{"embeddable":true,"href":"https:\/\/eldiariodesanpedro.com.ar\/sitio\/wp-json\/wp\/v2\/users\/4"}],"replies":[{"embeddable":true,"href":"https:\/\/eldiariodesanpedro.com.ar\/sitio\/wp-json\/wp\/v2\/comments?post=98329"}],"version-history":[{"count":1,"href":"https:\/\/eldiariodesanpedro.com.ar\/sitio\/wp-json\/wp\/v2\/posts\/98329\/revisions"}],"predecessor-version":[{"id":98332,"href":"https:\/\/eldiariodesanpedro.com.ar\/sitio\/wp-json\/wp\/v2\/posts\/98329\/revisions\/98332"}],"wp:featuredmedia":[{"embeddable":true,"href":"https:\/\/eldiariodesanpedro.com.ar\/sitio\/wp-json\/wp\/v2\/media\/98331"}],"wp:attachment":[{"href":"https:\/\/eldiariodesanpedro.com.ar\/sitio\/wp-json\/wp\/v2\/media?parent=98329"}],"wp:term":[{"taxonomy":"category","embeddable":true,"href":"https:\/\/eldiariodesanpedro.com.ar\/sitio\/wp-json\/wp\/v2\/categories?post=98329"},{"taxonomy":"post_tag","embeddable":true,"href":"https:\/\/eldiariodesanpedro.com.ar\/sitio\/wp-json\/wp\/v2\/tags?post=98329"}],"curies":[{"name":"wp","href":"https:\/\/api.w.org\/{rel}","templated":true}]}}