{"id":98326,"date":"2021-09-02T09:27:18","date_gmt":"2021-09-02T12:27:18","guid":{"rendered":"https:\/\/eldiariodesanpedro.com.ar\/sitio\/?p=98326"},"modified":"2021-09-02T09:27:22","modified_gmt":"2021-09-02T12:27:22","slug":"charla-informativa-por-el-dia-de-la-obstetricia-en-la-subsecretaria-de-politicas-de-genero-mujeres-y-diversidad","status":"publish","type":"post","link":"https:\/\/eldiariodesanpedro.com.ar\/sitio\/charla-informativa-por-el-dia-de-la-obstetricia-en-la-subsecretaria-de-politicas-de-genero-mujeres-y-diversidad\/","title":{"rendered":"Charla informativa por el d\u00eda de la obstetricia en la Subsecretar\u00eda de Pol\u00edticas de G\u00e9nero, Mujeres y Diversidad"},"content":{"rendered":"<!-- VideographyWP Plugin Message: Automatic video embedding prevented by plugin options. -->\n\n<p>En conmemoraci\u00f3n por el d\u00eda de la obstetricia, este 31 de agosto la Subsecretar\u00eda, en conjunto con la Direcci\u00f3n del Hospital Municipal Emilio Ruffa, brind\u00f3 una jornada informativa en sus instalaciones a cargo de las obstetras Susana D\u00edaz y M\u00f3nica Fiorito, quienes brindaron una extensa charla para una buena concurrencia de personas, quienes participaron en gran mayor\u00eda para evacuar sus consultas a las profesionales.<\/p>\n\n\n\n<p>Adem\u00e1s, la jornada cont\u00f3 con un emotivo momento por la reciente jubilaci\u00f3n de Susana D\u00edaz, quien recibi\u00f3 a varios profesionales y colegas que se hicieron presentes para brindarle un homenaje y sumarse al reconocimiento que le hicieron ambas instituciones, dejando abierta la posibilidad de futuras actividades en conjunto dado la predisposici\u00f3n y profesionalismo que sigue demostrando.<\/p>\n\n\n\n<p>La Subsecretar\u00eda de Pol\u00edticas de G\u00e9nero, Mujeres y Diversidad agradece la presencia y participaci\u00f3n tanto de las y los profesionales como de la comunidad en general.<\/p>\n","protected":false},"excerpt":{"rendered":"<p>En conmemoraci\u00f3n por el d\u00eda de la obstetricia, este 31 de agosto la Subsecretar\u00eda, en conjunto con la Direcci\u00f3n del Hospital Municipal Emilio Ruffa, brind\u00f3 una jornada informativa en sus instalaciones a cargo de las obstetras Susana D\u00edaz y M\u00f3nica Fiorito, quienes brindaron una extensa charla para una buena concurrencia de personas, quienes participaron en [&hellip;]<\/p>\n","protected":false},"author":4,"featured_media":98327,"comment_status":"closed","ping_status":"closed","sticky":false,"template":"","format":"standard","meta":{"om_disable_all_campaigns":false,"_jetpack_memberships_contains_paid_content":false,"footnotes":""},"categories":[101,2],"tags":[2307,33,2309,19,2308],"class_list":["post-98326","post","type-post","status-publish","format-standard","has-post-thumbnail","hentry","category-interes-general-locales","category-locales","tag-charla-informativa","tag-locales","tag-mujeres-y-diversidad","tag-san-pedro","tag-subsecretaria-de-politicas-de-genero"],"aioseo_notices":[],"gutentor_comment":0,"jetpack_featured_media_url":"https:\/\/eldiariodesanpedro.com.ar\/sitio\/wp-content\/uploads\/2021\/09\/medida-1.jpg","jetpack_shortlink":"https:\/\/wp.me\/p6RhLt-pzU","jetpack_sharing_enabled":true,"_links":{"self":[{"href":"https:\/\/eldiariodesanpedro.com.ar\/sitio\/wp-json\/wp\/v2\/posts\/98326","targetHints":{"allow":["GET"]}}],"collection":[{"href":"https:\/\/eldiariodesanpedro.com.ar\/sitio\/wp-json\/wp\/v2\/posts"}],"about":[{"href":"https:\/\/eldiariodesanpedro.com.ar\/sitio\/wp-json\/wp\/v2\/types\/post"}],"author":[{"embeddable":true,"href":"https:\/\/eldiariodesanpedro.com.ar\/sitio\/wp-json\/wp\/v2\/users\/4"}],"replies":[{"embeddable":true,"href":"https:\/\/eldiariodesanpedro.com.ar\/sitio\/wp-json\/wp\/v2\/comments?post=98326"}],"version-history":[{"count":1,"href":"https:\/\/eldiariodesanpedro.com.ar\/sitio\/wp-json\/wp\/v2\/posts\/98326\/revisions"}],"predecessor-version":[{"id":98328,"href":"https:\/\/eldiariodesanpedro.com.ar\/sitio\/wp-json\/wp\/v2\/posts\/98326\/revisions\/98328"}],"wp:featuredmedia":[{"embeddable":true,"href":"https:\/\/eldiariodesanpedro.com.ar\/sitio\/wp-json\/wp\/v2\/media\/98327"}],"wp:attachment":[{"href":"https:\/\/eldiariodesanpedro.com.ar\/sitio\/wp-json\/wp\/v2\/media?parent=98326"}],"wp:term":[{"taxonomy":"category","embeddable":true,"href":"https:\/\/eldiariodesanpedro.com.ar\/sitio\/wp-json\/wp\/v2\/categories?post=98326"},{"taxonomy":"post_tag","embeddable":true,"href":"https:\/\/eldiariodesanpedro.com.ar\/sitio\/wp-json\/wp\/v2\/tags?post=98326"}],"curies":[{"name":"wp","href":"https:\/\/api.w.org\/{rel}","templated":true}]}}