{"id":98303,"date":"2021-09-01T16:38:51","date_gmt":"2021-09-01T19:38:51","guid":{"rendered":"https:\/\/eldiariodesanpedro.com.ar\/sitio\/?p=98303"},"modified":"2021-09-01T19:45:37","modified_gmt":"2021-09-01T22:45:37","slug":"reunion-multisectorial-para-incrementar-acciones-conjuntas-y-programadas-contra-los-incendios-en-islas","status":"publish","type":"post","link":"https:\/\/eldiariodesanpedro.com.ar\/sitio\/reunion-multisectorial-para-incrementar-acciones-conjuntas-y-programadas-contra-los-incendios-en-islas\/","title":{"rendered":"Reuni\u00f3n multisectorial para incrementar acciones conjuntas y programadas contra los incendios en islas"},"content":{"rendered":"<!-- VideographyWP Plugin Message: Automatic video embedding prevented by plugin options. -->\n\n<p>En las instalaciones de la Asociaci\u00f3n de Bomberos Voluntarios, se convoc\u00f3 esta ma\u00f1ana a una reuni\u00f3n conjunta entre las fuerzas de seguridad de la provincia y representantes de los gobiernos de San Pedro y Baradero para analizar la situaci\u00f3n generada en los \u00faltimos d\u00edas y determinar tareas conjuntas para incrementar las acciones posibles para combatir los incendios que se producen en la zona de islas.<\/p>\n\n\n\n<p>La actividad fue encabezada por el Intendente Cecilio Salazar que hab\u00eda recibido esta misma semana a autoridades de Defensa Civil y cont\u00f3 con la participaci\u00f3n del Secretario de Coordinaci\u00f3n Ram\u00f3n Salazar, el Secretario de Seguridad Eduardo Roleri, el Secretario de Salud Daniel Creus, el Coordinador de Polic\u00eda Juan Carlos Ag\u00fcero y miembros de las distintas fuerzas de seguridad de la regi\u00f3n tanto de Gendarmer\u00eda Nacional, Prefectura, Polic\u00eda Comunal de San Pedro, el jefe de la zona vial de San Pedro, Asociaci\u00f3n de Bomberos Voluntarios San Pedro, Bomberos San Nicol\u00e1s, Polic\u00eda de San Nicol\u00e1s, Polic\u00eda Ecol\u00f3gica de San Nicol\u00e1s y la Direcci\u00f3n de Comunicaci\u00f3n de la Polic\u00eda. Desde Baradero llegaron para participar el Secretario de Gobierno Nicol\u00e1s Moreira, la Subsecretaria de Ambiente Silvina C\u00e1mpora y el Subsecretario de Legal y T\u00e9cnica Germ\u00e1n Braillard.<\/p>\n\n\n\n<p>Tambi\u00e9n formaron parte de la mesa, el Director de Defensa Civil de la Provincia Fabi\u00e1n Garc\u00eda, la Coordinadora Regional del Servicio Nacional de Manejo del Fuego Florencia Tu\u00f1\u00f3n y la Subsecretaria de Emergencia Alicia Salman, quienes destacaron el apoyo del Gobierno Municipal tanto en la log\u00edstica como en la asistencia a los brigadistas que combaten los fuegos.<\/p>\n\n\n\n<p>Todos los participantes ratificaron su compromiso con el seguimiento conjunto de este tema que viene afectando gravemente al ecosistema y a la vida de los ciudadanos.<\/p>\n\n\n\n<figure class=\"wp-block-image size-large\"><img decoding=\"async\" width=\"1024\" height=\"682\" data-attachment-id=\"98308\" data-permalink=\"https:\/\/eldiariodesanpedro.com.ar\/sitio\/reunion-multisectorial-para-incrementar-acciones-conjuntas-y-programadas-contra-los-incendios-en-islas\/whatsapp-image-2021-09-01-at-15-51-19\/\" data-orig-file=\"https:\/\/eldiariodesanpedro.com.ar\/sitio\/wp-content\/uploads\/2021\/09\/WhatsApp-Image-2021-09-01-at-15.51.19.jpeg\" data-orig-size=\"1280,853\" data-comments-opened=\"0\" data-image-meta=\"{&quot;aperture&quot;:&quot;0&quot;,&quot;credit&quot;:&quot;&quot;,&quot;camera&quot;:&quot;&quot;,&quot;caption&quot;:&quot;&quot;,&quot;created_timestamp&quot;:&quot;0&quot;,&quot;copyright&quot;:&quot;&quot;,&quot;focal_length&quot;:&quot;0&quot;,&quot;iso&quot;:&quot;0&quot;,&quot;shutter_speed&quot;:&quot;0&quot;,&quot;title&quot;:&quot;&quot;,&quot;orientation&quot;:&quot;0&quot;}\" data-image-title=\"WhatsApp Image 2021-09-01 at 15.51.19\" data-image-description=\"\" data-image-caption=\"\" data-large-file=\"https:\/\/eldiariodesanpedro.com.ar\/sitio\/wp-content\/uploads\/2021\/09\/WhatsApp-Image-2021-09-01-at-15.51.19-1024x682.jpeg\" data-src=\"https:\/\/eldiariodesanpedro.com.ar\/sitio\/wp-content\/uploads\/2021\/09\/WhatsApp-Image-2021-09-01-at-15.51.19-1024x682.jpeg\" alt=\"\" class=\"wp-image-98308 lazyload\" data-srcset=\"https:\/\/eldiariodesanpedro.com.ar\/sitio\/wp-content\/uploads\/2021\/09\/WhatsApp-Image-2021-09-01-at-15.51.19-1024x682.jpeg 1024w, https:\/\/eldiariodesanpedro.com.ar\/sitio\/wp-content\/uploads\/2021\/09\/WhatsApp-Image-2021-09-01-at-15.51.19-300x200.jpeg 300w, https:\/\/eldiariodesanpedro.com.ar\/sitio\/wp-content\/uploads\/2021\/09\/WhatsApp-Image-2021-09-01-at-15.51.19-768x512.jpeg 768w, https:\/\/eldiariodesanpedro.com.ar\/sitio\/wp-content\/uploads\/2021\/09\/WhatsApp-Image-2021-09-01-at-15.51.19.jpeg 1280w\" data-sizes=\"(max-width: 1024px) 100vw, 1024px\" src=\"data:image\/svg+xml;base64,PHN2ZyB3aWR0aD0iMSIgaGVpZ2h0PSIxIiB4bWxucz0iaHR0cDovL3d3dy53My5vcmcvMjAwMC9zdmciPjwvc3ZnPg==\" style=\"--smush-placeholder-width: 1024px; --smush-placeholder-aspect-ratio: 1024\/682;\" \/><\/figure>\n\n\n\n<figure class=\"wp-block-image size-large\"><img decoding=\"async\" width=\"1024\" height=\"698\" data-attachment-id=\"98307\" data-permalink=\"https:\/\/eldiariodesanpedro.com.ar\/sitio\/reunion-multisectorial-para-incrementar-acciones-conjuntas-y-programadas-contra-los-incendios-en-islas\/whatsapp-image-2021-09-01-at-15-51-19-1\/\" data-orig-file=\"https:\/\/eldiariodesanpedro.com.ar\/sitio\/wp-content\/uploads\/2021\/09\/WhatsApp-Image-2021-09-01-at-15.51.19-1.jpeg\" data-orig-size=\"1280,872\" data-comments-opened=\"0\" data-image-meta=\"{&quot;aperture&quot;:&quot;0&quot;,&quot;credit&quot;:&quot;&quot;,&quot;camera&quot;:&quot;&quot;,&quot;caption&quot;:&quot;&quot;,&quot;created_timestamp&quot;:&quot;0&quot;,&quot;copyright&quot;:&quot;&quot;,&quot;focal_length&quot;:&quot;0&quot;,&quot;iso&quot;:&quot;0&quot;,&quot;shutter_speed&quot;:&quot;0&quot;,&quot;title&quot;:&quot;&quot;,&quot;orientation&quot;:&quot;0&quot;}\" data-image-title=\"WhatsApp Image 2021-09-01 at 15.51.19 (1)\" data-image-description=\"\" data-image-caption=\"\" data-large-file=\"https:\/\/eldiariodesanpedro.com.ar\/sitio\/wp-content\/uploads\/2021\/09\/WhatsApp-Image-2021-09-01-at-15.51.19-1-1024x698.jpeg\" data-src=\"https:\/\/eldiariodesanpedro.com.ar\/sitio\/wp-content\/uploads\/2021\/09\/WhatsApp-Image-2021-09-01-at-15.51.19-1-1024x698.jpeg\" alt=\"\" class=\"wp-image-98307 lazyload\" data-srcset=\"https:\/\/eldiariodesanpedro.com.ar\/sitio\/wp-content\/uploads\/2021\/09\/WhatsApp-Image-2021-09-01-at-15.51.19-1-1024x698.jpeg 1024w, https:\/\/eldiariodesanpedro.com.ar\/sitio\/wp-content\/uploads\/2021\/09\/WhatsApp-Image-2021-09-01-at-15.51.19-1-300x204.jpeg 300w, https:\/\/eldiariodesanpedro.com.ar\/sitio\/wp-content\/uploads\/2021\/09\/WhatsApp-Image-2021-09-01-at-15.51.19-1-768x523.jpeg 768w, https:\/\/eldiariodesanpedro.com.ar\/sitio\/wp-content\/uploads\/2021\/09\/WhatsApp-Image-2021-09-01-at-15.51.19-1.jpeg 1280w\" data-sizes=\"(max-width: 1024px) 100vw, 1024px\" src=\"data:image\/svg+xml;base64,PHN2ZyB3aWR0aD0iMSIgaGVpZ2h0PSIxIiB4bWxucz0iaHR0cDovL3d3dy53My5vcmcvMjAwMC9zdmciPjwvc3ZnPg==\" style=\"--smush-placeholder-width: 1024px; --smush-placeholder-aspect-ratio: 1024\/698;\" \/><\/figure>\n\n\n\n<figure class=\"wp-block-image size-large\"><img decoding=\"async\" width=\"1024\" height=\"618\" data-attachment-id=\"98305\" data-permalink=\"https:\/\/eldiariodesanpedro.com.ar\/sitio\/reunion-multisectorial-para-incrementar-acciones-conjuntas-y-programadas-contra-los-incendios-en-islas\/whatsapp-image-2021-09-01-at-15-51-18-1\/\" data-orig-file=\"https:\/\/eldiariodesanpedro.com.ar\/sitio\/wp-content\/uploads\/2021\/09\/WhatsApp-Image-2021-09-01-at-15.51.18-1.jpeg\" data-orig-size=\"1280,772\" data-comments-opened=\"0\" data-image-meta=\"{&quot;aperture&quot;:&quot;0&quot;,&quot;credit&quot;:&quot;&quot;,&quot;camera&quot;:&quot;&quot;,&quot;caption&quot;:&quot;&quot;,&quot;created_timestamp&quot;:&quot;0&quot;,&quot;copyright&quot;:&quot;&quot;,&quot;focal_length&quot;:&quot;0&quot;,&quot;iso&quot;:&quot;0&quot;,&quot;shutter_speed&quot;:&quot;0&quot;,&quot;title&quot;:&quot;&quot;,&quot;orientation&quot;:&quot;0&quot;}\" data-image-title=\"WhatsApp Image 2021-09-01 at 15.51.18 (1)\" data-image-description=\"\" data-image-caption=\"\" data-large-file=\"https:\/\/eldiariodesanpedro.com.ar\/sitio\/wp-content\/uploads\/2021\/09\/WhatsApp-Image-2021-09-01-at-15.51.18-1-1024x618.jpeg\" data-src=\"https:\/\/eldiariodesanpedro.com.ar\/sitio\/wp-content\/uploads\/2021\/09\/WhatsApp-Image-2021-09-01-at-15.51.18-1-1024x618.jpeg\" alt=\"\" class=\"wp-image-98305 lazyload\" data-srcset=\"https:\/\/eldiariodesanpedro.com.ar\/sitio\/wp-content\/uploads\/2021\/09\/WhatsApp-Image-2021-09-01-at-15.51.18-1-1024x618.jpeg 1024w, https:\/\/eldiariodesanpedro.com.ar\/sitio\/wp-content\/uploads\/2021\/09\/WhatsApp-Image-2021-09-01-at-15.51.18-1-300x181.jpeg 300w, https:\/\/eldiariodesanpedro.com.ar\/sitio\/wp-content\/uploads\/2021\/09\/WhatsApp-Image-2021-09-01-at-15.51.18-1-768x463.jpeg 768w, https:\/\/eldiariodesanpedro.com.ar\/sitio\/wp-content\/uploads\/2021\/09\/WhatsApp-Image-2021-09-01-at-15.51.18-1.jpeg 1280w\" data-sizes=\"(max-width: 1024px) 100vw, 1024px\" src=\"data:image\/svg+xml;base64,PHN2ZyB3aWR0aD0iMSIgaGVpZ2h0PSIxIiB4bWxucz0iaHR0cDovL3d3dy53My5vcmcvMjAwMC9zdmciPjwvc3ZnPg==\" style=\"--smush-placeholder-width: 1024px; --smush-placeholder-aspect-ratio: 1024\/618;\" \/><\/figure>\n\n\n\n<figure class=\"wp-block-image size-large\"><img decoding=\"async\" width=\"1024\" height=\"746\" data-attachment-id=\"98304\" data-permalink=\"https:\/\/eldiariodesanpedro.com.ar\/sitio\/reunion-multisectorial-para-incrementar-acciones-conjuntas-y-programadas-contra-los-incendios-en-islas\/whatsapp-image-2021-09-01-at-15-51-17\/\" data-orig-file=\"https:\/\/eldiariodesanpedro.com.ar\/sitio\/wp-content\/uploads\/2021\/09\/WhatsApp-Image-2021-09-01-at-15.51.17.jpeg\" data-orig-size=\"1280,932\" data-comments-opened=\"0\" data-image-meta=\"{&quot;aperture&quot;:&quot;0&quot;,&quot;credit&quot;:&quot;&quot;,&quot;camera&quot;:&quot;&quot;,&quot;caption&quot;:&quot;&quot;,&quot;created_timestamp&quot;:&quot;0&quot;,&quot;copyright&quot;:&quot;&quot;,&quot;focal_length&quot;:&quot;0&quot;,&quot;iso&quot;:&quot;0&quot;,&quot;shutter_speed&quot;:&quot;0&quot;,&quot;title&quot;:&quot;&quot;,&quot;orientation&quot;:&quot;0&quot;}\" data-image-title=\"WhatsApp Image 2021-09-01 at 15.51.17\" data-image-description=\"\" data-image-caption=\"\" data-large-file=\"https:\/\/eldiariodesanpedro.com.ar\/sitio\/wp-content\/uploads\/2021\/09\/WhatsApp-Image-2021-09-01-at-15.51.17-1024x746.jpeg\" data-src=\"https:\/\/eldiariodesanpedro.com.ar\/sitio\/wp-content\/uploads\/2021\/09\/WhatsApp-Image-2021-09-01-at-15.51.17-1024x746.jpeg\" alt=\"\" class=\"wp-image-98304 lazyload\" data-srcset=\"https:\/\/eldiariodesanpedro.com.ar\/sitio\/wp-content\/uploads\/2021\/09\/WhatsApp-Image-2021-09-01-at-15.51.17-1024x746.jpeg 1024w, https:\/\/eldiariodesanpedro.com.ar\/sitio\/wp-content\/uploads\/2021\/09\/WhatsApp-Image-2021-09-01-at-15.51.17-300x218.jpeg 300w, https:\/\/eldiariodesanpedro.com.ar\/sitio\/wp-content\/uploads\/2021\/09\/WhatsApp-Image-2021-09-01-at-15.51.17-768x559.jpeg 768w, https:\/\/eldiariodesanpedro.com.ar\/sitio\/wp-content\/uploads\/2021\/09\/WhatsApp-Image-2021-09-01-at-15.51.17.jpeg 1280w\" data-sizes=\"(max-width: 1024px) 100vw, 1024px\" src=\"data:image\/svg+xml;base64,PHN2ZyB3aWR0aD0iMSIgaGVpZ2h0PSIxIiB4bWxucz0iaHR0cDovL3d3dy53My5vcmcvMjAwMC9zdmciPjwvc3ZnPg==\" style=\"--smush-placeholder-width: 1024px; --smush-placeholder-aspect-ratio: 1024\/746;\" \/><\/figure>\n","protected":false},"excerpt":{"rendered":"<p>En las instalaciones de la Asociaci\u00f3n de Bomberos Voluntarios, se convoc\u00f3 esta ma\u00f1ana a una reuni\u00f3n conjunta entre las fuerzas de seguridad de la provincia y representantes de los gobiernos de San Pedro y Baradero para analizar la situaci\u00f3n generada en los \u00faltimos d\u00edas y determinar tareas conjuntas para incrementar las acciones posibles para combatir [&hellip;]<\/p>\n","protected":false},"author":4,"featured_media":98306,"comment_status":"closed","ping_status":"closed","sticky":false,"template":"","format":"standard","meta":{"om_disable_all_campaigns":false,"_jetpack_memberships_contains_paid_content":false,"footnotes":""},"categories":[101,2],"tags":[],"class_list":["post-98303","post","type-post","status-publish","format-standard","has-post-thumbnail","hentry","category-interes-general-locales","category-locales"],"aioseo_notices":[],"gutentor_comment":0,"jetpack_featured_media_url":"https:\/\/eldiariodesanpedro.com.ar\/sitio\/wp-content\/uploads\/2021\/09\/WhatsApp-Image-2021-09-01-at-15.51.18.jpeg","jetpack_shortlink":"https:\/\/wp.me\/p6RhLt-pzx","jetpack_sharing_enabled":true,"_links":{"self":[{"href":"https:\/\/eldiariodesanpedro.com.ar\/sitio\/wp-json\/wp\/v2\/posts\/98303","targetHints":{"allow":["GET"]}}],"collection":[{"href":"https:\/\/eldiariodesanpedro.com.ar\/sitio\/wp-json\/wp\/v2\/posts"}],"about":[{"href":"https:\/\/eldiariodesanpedro.com.ar\/sitio\/wp-json\/wp\/v2\/types\/post"}],"author":[{"embeddable":true,"href":"https:\/\/eldiariodesanpedro.com.ar\/sitio\/wp-json\/wp\/v2\/users\/4"}],"replies":[{"embeddable":true,"href":"https:\/\/eldiariodesanpedro.com.ar\/sitio\/wp-json\/wp\/v2\/comments?post=98303"}],"version-history":[{"count":1,"href":"https:\/\/eldiariodesanpedro.com.ar\/sitio\/wp-json\/wp\/v2\/posts\/98303\/revisions"}],"predecessor-version":[{"id":98309,"href":"https:\/\/eldiariodesanpedro.com.ar\/sitio\/wp-json\/wp\/v2\/posts\/98303\/revisions\/98309"}],"wp:featuredmedia":[{"embeddable":true,"href":"https:\/\/eldiariodesanpedro.com.ar\/sitio\/wp-json\/wp\/v2\/media\/98306"}],"wp:attachment":[{"href":"https:\/\/eldiariodesanpedro.com.ar\/sitio\/wp-json\/wp\/v2\/media?parent=98303"}],"wp:term":[{"taxonomy":"category","embeddable":true,"href":"https:\/\/eldiariodesanpedro.com.ar\/sitio\/wp-json\/wp\/v2\/categories?post=98303"},{"taxonomy":"post_tag","embeddable":true,"href":"https:\/\/eldiariodesanpedro.com.ar\/sitio\/wp-json\/wp\/v2\/tags?post=98303"}],"curies":[{"name":"wp","href":"https:\/\/api.w.org\/{rel}","templated":true}]}}