{"id":98297,"date":"2021-09-01T16:29:06","date_gmt":"2021-09-01T19:29:06","guid":{"rendered":"https:\/\/eldiariodesanpedro.com.ar\/sitio\/?p=98297"},"modified":"2021-09-01T19:46:33","modified_gmt":"2021-09-01T22:46:33","slug":"la-secretaria-de-desarrollo-humano-entrego-materiales-y-herramientas-de-trabajo","status":"publish","type":"post","link":"https:\/\/eldiariodesanpedro.com.ar\/sitio\/la-secretaria-de-desarrollo-humano-entrego-materiales-y-herramientas-de-trabajo\/","title":{"rendered":"La Secretar\u00eda de Desarrollo Humano entreg\u00f3 materiales y herramientas de trabajo"},"content":{"rendered":"<!-- VideographyWP Plugin Message: Automatic video embedding prevented by plugin options. -->\n\n<p>Se realiz\u00f3 la entrega de materiales correspondientes al segundo desembolso del programa Banco de Maquinarias, Herramientas y Materiales para la Emergencia Social que lleva a delante la Secretar\u00eda de Desarrollo Humano en conjunto con la Secretar\u00eda de Desarrollo Econ\u00f3mico para aquellos emprendimientos seleccionados que fueron previamente aprobados por el Ministerio de Desarrollo Social de la Naci\u00f3n.<\/p>\n\n\n\n<p>De esta manera se complet\u00f3 con la totalidad de las entregas para los inscriptos en este primer programa que tiene como objetivo atender a las personas en situaci\u00f3n de alta vulnerabilidad social y econ\u00f3mica, mediante la entrega de insumos, herramientas o equipamiento, permiti\u00e9ndoles generar una fuente de ingresos genuinos.<br>En los pr\u00f3ximos d\u00edas se retomar\u00e1 el periodo de inscripci\u00f3n para que aquellos interesados en formar parte de la segunda entrega, puesto que el programa seguir\u00e1 en marcha. Los interesados se pueden acercar a la Secretar\u00eda de Desarrollo Humano.<\/p>\n\n\n\n<p>El listado completo de los beneficiados:<\/p>\n\n\n\n<p>Paz Walter Ezequiel, Moreira Franco, Mart\u00ednez Celeste, Mi\u00f1o Amanda Raquel, Reyes Milagros, Esp\u00edndola Camila, G\u00f3mez Yanina, Franco Victoria, Bernal Fernanda, Brito Mar\u00eda Antonia, Machado Agustina, Ju\u00e1rez Alan Edgardo, Mastroiani Mauricio, Moreno Gustavo, Meza Dar\u00edo, Machado Humberto, Pucurrull Nicol\u00e1s, Infante \u00c1ngel, Banega V\u00edctor Hugo, Molina Sergio, Albornoz Alberto, \u00c1lvarez Juan Ignacio, Echiavoni Martin, Guere\u00f1u Sergio, Guere\u00f1u Emanuel, Mastroiani Mat\u00edas, Biscaldi Alberto, Sacca Hern\u00e1n, Ram\u00edrez Mat\u00edas, Romaguera Walter, Aguiar Franco, Aguirre Rub\u00e9n, Quiroga Fabi\u00e1n, Neyra Miguel, Merlini Marisa, C\u00e1ceres Adriana, Almaraz Crist\u00f3bal, G\u00f3mez Marcos, Diamantes Lucas, Rey Luchesi Gonzalo, Carballo Lorena, Manara Nadia, Sena Ever, Mart\u00ednez Oscar, Bianchini Juan Marcelo, Navarro Yovana, Mengarelli Gamal, MTE, Schavioni Martin, Ram\u00edrez Mat\u00edas y Molina Bibiana.<\/p>\n\n\n\n<figure class=\"wp-block-image size-large\"><img decoding=\"async\" width=\"1024\" height=\"768\" data-attachment-id=\"98300\" data-permalink=\"https:\/\/eldiariodesanpedro.com.ar\/sitio\/la-secretaria-de-desarrollo-humano-entrego-materiales-y-herramientas-de-trabajo\/whatsapp-image-2021-09-01-at-13-12-27-1\/\" data-orig-file=\"https:\/\/eldiariodesanpedro.com.ar\/sitio\/wp-content\/uploads\/2021\/09\/WhatsApp-Image-2021-09-01-at-13.12.27-1.jpeg\" data-orig-size=\"1280,960\" data-comments-opened=\"0\" data-image-meta=\"{&quot;aperture&quot;:&quot;0&quot;,&quot;credit&quot;:&quot;&quot;,&quot;camera&quot;:&quot;&quot;,&quot;caption&quot;:&quot;&quot;,&quot;created_timestamp&quot;:&quot;0&quot;,&quot;copyright&quot;:&quot;&quot;,&quot;focal_length&quot;:&quot;0&quot;,&quot;iso&quot;:&quot;0&quot;,&quot;shutter_speed&quot;:&quot;0&quot;,&quot;title&quot;:&quot;&quot;,&quot;orientation&quot;:&quot;0&quot;}\" data-image-title=\"WhatsApp Image 2021-09-01 at 13.12.27 (1)\" data-image-description=\"\" data-image-caption=\"\" data-large-file=\"https:\/\/eldiariodesanpedro.com.ar\/sitio\/wp-content\/uploads\/2021\/09\/WhatsApp-Image-2021-09-01-at-13.12.27-1-1024x768.jpeg\" data-src=\"https:\/\/eldiariodesanpedro.com.ar\/sitio\/wp-content\/uploads\/2021\/09\/WhatsApp-Image-2021-09-01-at-13.12.27-1-1024x768.jpeg\" alt=\"\" class=\"wp-image-98300 lazyload\" data-srcset=\"https:\/\/eldiariodesanpedro.com.ar\/sitio\/wp-content\/uploads\/2021\/09\/WhatsApp-Image-2021-09-01-at-13.12.27-1-1024x768.jpeg 1024w, https:\/\/eldiariodesanpedro.com.ar\/sitio\/wp-content\/uploads\/2021\/09\/WhatsApp-Image-2021-09-01-at-13.12.27-1-300x225.jpeg 300w, https:\/\/eldiariodesanpedro.com.ar\/sitio\/wp-content\/uploads\/2021\/09\/WhatsApp-Image-2021-09-01-at-13.12.27-1-768x576.jpeg 768w, https:\/\/eldiariodesanpedro.com.ar\/sitio\/wp-content\/uploads\/2021\/09\/WhatsApp-Image-2021-09-01-at-13.12.27-1-500x375.jpeg 500w, https:\/\/eldiariodesanpedro.com.ar\/sitio\/wp-content\/uploads\/2021\/09\/WhatsApp-Image-2021-09-01-at-13.12.27-1.jpeg 1280w\" data-sizes=\"(max-width: 1024px) 100vw, 1024px\" src=\"data:image\/svg+xml;base64,PHN2ZyB3aWR0aD0iMSIgaGVpZ2h0PSIxIiB4bWxucz0iaHR0cDovL3d3dy53My5vcmcvMjAwMC9zdmciPjwvc3ZnPg==\" style=\"--smush-placeholder-width: 1024px; --smush-placeholder-aspect-ratio: 1024\/768;\" \/><\/figure>\n\n\n\n<figure class=\"wp-block-image size-large\"><img decoding=\"async\" width=\"1024\" height=\"768\" data-attachment-id=\"98301\" data-permalink=\"https:\/\/eldiariodesanpedro.com.ar\/sitio\/la-secretaria-de-desarrollo-humano-entrego-materiales-y-herramientas-de-trabajo\/whatsapp-image-2021-09-01-at-13-12-27\/\" data-orig-file=\"https:\/\/eldiariodesanpedro.com.ar\/sitio\/wp-content\/uploads\/2021\/09\/WhatsApp-Image-2021-09-01-at-13.12.27.jpeg\" data-orig-size=\"1280,960\" data-comments-opened=\"0\" data-image-meta=\"{&quot;aperture&quot;:&quot;0&quot;,&quot;credit&quot;:&quot;&quot;,&quot;camera&quot;:&quot;&quot;,&quot;caption&quot;:&quot;&quot;,&quot;created_timestamp&quot;:&quot;0&quot;,&quot;copyright&quot;:&quot;&quot;,&quot;focal_length&quot;:&quot;0&quot;,&quot;iso&quot;:&quot;0&quot;,&quot;shutter_speed&quot;:&quot;0&quot;,&quot;title&quot;:&quot;&quot;,&quot;orientation&quot;:&quot;0&quot;}\" data-image-title=\"WhatsApp Image 2021-09-01 at 13.12.27\" data-image-description=\"\" data-image-caption=\"\" data-large-file=\"https:\/\/eldiariodesanpedro.com.ar\/sitio\/wp-content\/uploads\/2021\/09\/WhatsApp-Image-2021-09-01-at-13.12.27-1024x768.jpeg\" data-src=\"https:\/\/eldiariodesanpedro.com.ar\/sitio\/wp-content\/uploads\/2021\/09\/WhatsApp-Image-2021-09-01-at-13.12.27-1024x768.jpeg\" alt=\"\" class=\"wp-image-98301 lazyload\" data-srcset=\"https:\/\/eldiariodesanpedro.com.ar\/sitio\/wp-content\/uploads\/2021\/09\/WhatsApp-Image-2021-09-01-at-13.12.27-1024x768.jpeg 1024w, https:\/\/eldiariodesanpedro.com.ar\/sitio\/wp-content\/uploads\/2021\/09\/WhatsApp-Image-2021-09-01-at-13.12.27-300x225.jpeg 300w, https:\/\/eldiariodesanpedro.com.ar\/sitio\/wp-content\/uploads\/2021\/09\/WhatsApp-Image-2021-09-01-at-13.12.27-768x576.jpeg 768w, https:\/\/eldiariodesanpedro.com.ar\/sitio\/wp-content\/uploads\/2021\/09\/WhatsApp-Image-2021-09-01-at-13.12.27-500x375.jpeg 500w, https:\/\/eldiariodesanpedro.com.ar\/sitio\/wp-content\/uploads\/2021\/09\/WhatsApp-Image-2021-09-01-at-13.12.27.jpeg 1280w\" data-sizes=\"(max-width: 1024px) 100vw, 1024px\" src=\"data:image\/svg+xml;base64,PHN2ZyB3aWR0aD0iMSIgaGVpZ2h0PSIxIiB4bWxucz0iaHR0cDovL3d3dy53My5vcmcvMjAwMC9zdmciPjwvc3ZnPg==\" style=\"--smush-placeholder-width: 1024px; --smush-placeholder-aspect-ratio: 1024\/768;\" \/><\/figure>\n","protected":false},"excerpt":{"rendered":"<p>Se realiz\u00f3 la entrega de materiales correspondientes al segundo desembolso del programa Banco de Maquinarias, Herramientas y Materiales para la Emergencia Social que lleva a delante la Secretar\u00eda de Desarrollo Humano en conjunto con la Secretar\u00eda de Desarrollo Econ\u00f3mico para aquellos emprendimientos seleccionados que fueron previamente aprobados por el Ministerio de Desarrollo Social de la [&hellip;]<\/p>\n","protected":false},"author":4,"featured_media":98298,"comment_status":"closed","ping_status":"closed","sticky":false,"template":"","format":"standard","meta":{"om_disable_all_campaigns":false,"_jetpack_memberships_contains_paid_content":false,"footnotes":""},"categories":[101,2],"tags":[],"class_list":["post-98297","post","type-post","status-publish","format-standard","has-post-thumbnail","hentry","category-interes-general-locales","category-locales"],"aioseo_notices":[],"gutentor_comment":0,"jetpack_featured_media_url":"https:\/\/eldiariodesanpedro.com.ar\/sitio\/wp-content\/uploads\/2021\/09\/WhatsApp-Image-2021-09-01-at-13.12.23.jpeg","jetpack_shortlink":"https:\/\/wp.me\/p6RhLt-pzr","jetpack_sharing_enabled":true,"_links":{"self":[{"href":"https:\/\/eldiariodesanpedro.com.ar\/sitio\/wp-json\/wp\/v2\/posts\/98297","targetHints":{"allow":["GET"]}}],"collection":[{"href":"https:\/\/eldiariodesanpedro.com.ar\/sitio\/wp-json\/wp\/v2\/posts"}],"about":[{"href":"https:\/\/eldiariodesanpedro.com.ar\/sitio\/wp-json\/wp\/v2\/types\/post"}],"author":[{"embeddable":true,"href":"https:\/\/eldiariodesanpedro.com.ar\/sitio\/wp-json\/wp\/v2\/users\/4"}],"replies":[{"embeddable":true,"href":"https:\/\/eldiariodesanpedro.com.ar\/sitio\/wp-json\/wp\/v2\/comments?post=98297"}],"version-history":[{"count":1,"href":"https:\/\/eldiariodesanpedro.com.ar\/sitio\/wp-json\/wp\/v2\/posts\/98297\/revisions"}],"predecessor-version":[{"id":98302,"href":"https:\/\/eldiariodesanpedro.com.ar\/sitio\/wp-json\/wp\/v2\/posts\/98297\/revisions\/98302"}],"wp:featuredmedia":[{"embeddable":true,"href":"https:\/\/eldiariodesanpedro.com.ar\/sitio\/wp-json\/wp\/v2\/media\/98298"}],"wp:attachment":[{"href":"https:\/\/eldiariodesanpedro.com.ar\/sitio\/wp-json\/wp\/v2\/media?parent=98297"}],"wp:term":[{"taxonomy":"category","embeddable":true,"href":"https:\/\/eldiariodesanpedro.com.ar\/sitio\/wp-json\/wp\/v2\/categories?post=98297"},{"taxonomy":"post_tag","embeddable":true,"href":"https:\/\/eldiariodesanpedro.com.ar\/sitio\/wp-json\/wp\/v2\/tags?post=98297"}],"curies":[{"name":"wp","href":"https:\/\/api.w.org\/{rel}","templated":true}]}}