{"id":98292,"date":"2021-09-01T16:09:21","date_gmt":"2021-09-01T19:09:21","guid":{"rendered":"https:\/\/eldiariodesanpedro.com.ar\/sitio\/?p=98292"},"modified":"2021-09-01T19:46:45","modified_gmt":"2021-09-01T22:46:45","slug":"nuevo-equipo-portatil-de-rayos-x-para-el-hospital","status":"publish","type":"post","link":"https:\/\/eldiariodesanpedro.com.ar\/sitio\/nuevo-equipo-portatil-de-rayos-x-para-el-hospital\/","title":{"rendered":"Nuevo equipo port\u00e1til de Rayos X para el Hospital"},"content":{"rendered":"<!-- VideographyWP Plugin Message: Automatic video embedding prevented by plugin options. -->\n\n<p>El Intendente Cecilio Salazar visit\u00f3 esta ma\u00f1ana el Hospital Emilio Ruffa y particip\u00f3 de un encuentro en el que fue presentada una nueva adquisici\u00f3n para la infraestructura del nosocomio.<\/p>\n\n\n\n<p>Se incorpor\u00f3 hoy al equipamiento del Hospital Emilio Ruffa un equipo m\u00f3vil de Rayos X de alta frecuencia marca Piumax que se suma otro instrumental similar recientemente adquirido.<\/p>\n\n\n\n<p>La compra se realiz\u00f3 con los fondos propios, generados a trav\u00e9s de la gesti\u00f3n de prestaciones realizadas y reconocidas desde el Plan Sumar que transfiere recursos a los Centros de Salud y Hospitales de acuerdo a su funcionamiento.<\/p>\n\n\n\n<p>Este equipo con un valor aproximado de $ 5.200.000, permite una utilizaci\u00f3n flexible para todas sus prestaciones y adem\u00e1s cuenta con conectividad para que las placas realizadas puedan cargarse autom\u00e1ticamente en la base de datos de historias cl\u00ednicas digitalizadas con las que cuenta el Hospital.<\/p>\n\n\n\n<p>De esta manera, nuestro Hospital dispone de dos unidades para la atenci\u00f3n de estudios simult\u00e1neos para casos que as\u00ed lo requieran. Desde la gesti\u00f3n municipal se siguen realizando gestiones por m\u00e1s instrumental que renueve e incremente la capacidad de respuesta para toda nuestra comunidad.<\/p>\n\n\n\n<p>El Intendente se refiri\u00f3 a los cambios que vienen llevando a cabo en la gesti\u00f3n en cuanto a la infraestructura del Hospital y el orgullo que le genera ver como se est\u00e1 trabajando en Salud P\u00fablica.<\/p>\n\n\n\n<figure class=\"wp-block-image size-large\"><img decoding=\"async\" width=\"1024\" height=\"622\" data-attachment-id=\"98294\" data-permalink=\"https:\/\/eldiariodesanpedro.com.ar\/sitio\/nuevo-equipo-portatil-de-rayos-x-para-el-hospital\/whatsapp-image-2021-09-01-at-12-51-51\/\" data-orig-file=\"https:\/\/eldiariodesanpedro.com.ar\/sitio\/wp-content\/uploads\/2021\/09\/WhatsApp-Image-2021-09-01-at-12.51.51.jpeg\" data-orig-size=\"1280,778\" data-comments-opened=\"0\" data-image-meta=\"{&quot;aperture&quot;:&quot;0&quot;,&quot;credit&quot;:&quot;&quot;,&quot;camera&quot;:&quot;&quot;,&quot;caption&quot;:&quot;&quot;,&quot;created_timestamp&quot;:&quot;0&quot;,&quot;copyright&quot;:&quot;&quot;,&quot;focal_length&quot;:&quot;0&quot;,&quot;iso&quot;:&quot;0&quot;,&quot;shutter_speed&quot;:&quot;0&quot;,&quot;title&quot;:&quot;&quot;,&quot;orientation&quot;:&quot;0&quot;}\" data-image-title=\"WhatsApp Image 2021-09-01 at 12.51.51\" data-image-description=\"\" data-image-caption=\"\" data-large-file=\"https:\/\/eldiariodesanpedro.com.ar\/sitio\/wp-content\/uploads\/2021\/09\/WhatsApp-Image-2021-09-01-at-12.51.51-1024x622.jpeg\" data-src=\"https:\/\/eldiariodesanpedro.com.ar\/sitio\/wp-content\/uploads\/2021\/09\/WhatsApp-Image-2021-09-01-at-12.51.51-1024x622.jpeg\" alt=\"\" class=\"wp-image-98294 lazyload\" data-srcset=\"https:\/\/eldiariodesanpedro.com.ar\/sitio\/wp-content\/uploads\/2021\/09\/WhatsApp-Image-2021-09-01-at-12.51.51-1024x622.jpeg 1024w, https:\/\/eldiariodesanpedro.com.ar\/sitio\/wp-content\/uploads\/2021\/09\/WhatsApp-Image-2021-09-01-at-12.51.51-300x182.jpeg 300w, https:\/\/eldiariodesanpedro.com.ar\/sitio\/wp-content\/uploads\/2021\/09\/WhatsApp-Image-2021-09-01-at-12.51.51-768x467.jpeg 768w, https:\/\/eldiariodesanpedro.com.ar\/sitio\/wp-content\/uploads\/2021\/09\/WhatsApp-Image-2021-09-01-at-12.51.51.jpeg 1280w\" data-sizes=\"(max-width: 1024px) 100vw, 1024px\" src=\"data:image\/svg+xml;base64,PHN2ZyB3aWR0aD0iMSIgaGVpZ2h0PSIxIiB4bWxucz0iaHR0cDovL3d3dy53My5vcmcvMjAwMC9zdmciPjwvc3ZnPg==\" style=\"--smush-placeholder-width: 1024px; --smush-placeholder-aspect-ratio: 1024\/622;\" \/><\/figure>\n\n\n\n<figure class=\"wp-block-image size-large\"><img decoding=\"async\" width=\"1024\" height=\"738\" data-attachment-id=\"98293\" data-permalink=\"https:\/\/eldiariodesanpedro.com.ar\/sitio\/nuevo-equipo-portatil-de-rayos-x-para-el-hospital\/whatsapp-image-2021-09-01-at-12-51-50\/\" data-orig-file=\"https:\/\/eldiariodesanpedro.com.ar\/sitio\/wp-content\/uploads\/2021\/09\/WhatsApp-Image-2021-09-01-at-12.51.50.jpeg\" data-orig-size=\"1280,923\" data-comments-opened=\"0\" data-image-meta=\"{&quot;aperture&quot;:&quot;0&quot;,&quot;credit&quot;:&quot;&quot;,&quot;camera&quot;:&quot;&quot;,&quot;caption&quot;:&quot;&quot;,&quot;created_timestamp&quot;:&quot;0&quot;,&quot;copyright&quot;:&quot;&quot;,&quot;focal_length&quot;:&quot;0&quot;,&quot;iso&quot;:&quot;0&quot;,&quot;shutter_speed&quot;:&quot;0&quot;,&quot;title&quot;:&quot;&quot;,&quot;orientation&quot;:&quot;0&quot;}\" data-image-title=\"WhatsApp Image 2021-09-01 at 12.51.50\" data-image-description=\"\" data-image-caption=\"\" data-large-file=\"https:\/\/eldiariodesanpedro.com.ar\/sitio\/wp-content\/uploads\/2021\/09\/WhatsApp-Image-2021-09-01-at-12.51.50-1024x738.jpeg\" data-src=\"https:\/\/eldiariodesanpedro.com.ar\/sitio\/wp-content\/uploads\/2021\/09\/WhatsApp-Image-2021-09-01-at-12.51.50-1024x738.jpeg\" alt=\"\" class=\"wp-image-98293 lazyload\" data-srcset=\"https:\/\/eldiariodesanpedro.com.ar\/sitio\/wp-content\/uploads\/2021\/09\/WhatsApp-Image-2021-09-01-at-12.51.50-1024x738.jpeg 1024w, https:\/\/eldiariodesanpedro.com.ar\/sitio\/wp-content\/uploads\/2021\/09\/WhatsApp-Image-2021-09-01-at-12.51.50-300x216.jpeg 300w, https:\/\/eldiariodesanpedro.com.ar\/sitio\/wp-content\/uploads\/2021\/09\/WhatsApp-Image-2021-09-01-at-12.51.50-768x554.jpeg 768w, https:\/\/eldiariodesanpedro.com.ar\/sitio\/wp-content\/uploads\/2021\/09\/WhatsApp-Image-2021-09-01-at-12.51.50.jpeg 1280w\" data-sizes=\"(max-width: 1024px) 100vw, 1024px\" src=\"data:image\/svg+xml;base64,PHN2ZyB3aWR0aD0iMSIgaGVpZ2h0PSIxIiB4bWxucz0iaHR0cDovL3d3dy53My5vcmcvMjAwMC9zdmciPjwvc3ZnPg==\" style=\"--smush-placeholder-width: 1024px; --smush-placeholder-aspect-ratio: 1024\/738;\" \/><\/figure>\n","protected":false},"excerpt":{"rendered":"<p>El Intendente Cecilio Salazar visit\u00f3 esta ma\u00f1ana el Hospital Emilio Ruffa y particip\u00f3 de un encuentro en el que fue presentada una nueva adquisici\u00f3n para la infraestructura del nosocomio. Se incorpor\u00f3 hoy al equipamiento del Hospital Emilio Ruffa un equipo m\u00f3vil de Rayos X de alta frecuencia marca Piumax que se suma otro instrumental similar [&hellip;]<\/p>\n","protected":false},"author":4,"featured_media":98295,"comment_status":"closed","ping_status":"closed","sticky":false,"template":"","format":"standard","meta":{"om_disable_all_campaigns":false,"_jetpack_memberships_contains_paid_content":false,"footnotes":""},"categories":[50,101,2],"tags":[],"class_list":["post-98292","post","type-post","status-publish","format-standard","has-post-thumbnail","hentry","category-destacadas","category-interes-general-locales","category-locales"],"aioseo_notices":[],"gutentor_comment":0,"jetpack_featured_media_url":"https:\/\/eldiariodesanpedro.com.ar\/sitio\/wp-content\/uploads\/2021\/09\/WhatsApp-Image-2021-09-01-at-12.51.52.jpeg","jetpack_shortlink":"https:\/\/wp.me\/p6RhLt-pzm","jetpack_sharing_enabled":true,"_links":{"self":[{"href":"https:\/\/eldiariodesanpedro.com.ar\/sitio\/wp-json\/wp\/v2\/posts\/98292","targetHints":{"allow":["GET"]}}],"collection":[{"href":"https:\/\/eldiariodesanpedro.com.ar\/sitio\/wp-json\/wp\/v2\/posts"}],"about":[{"href":"https:\/\/eldiariodesanpedro.com.ar\/sitio\/wp-json\/wp\/v2\/types\/post"}],"author":[{"embeddable":true,"href":"https:\/\/eldiariodesanpedro.com.ar\/sitio\/wp-json\/wp\/v2\/users\/4"}],"replies":[{"embeddable":true,"href":"https:\/\/eldiariodesanpedro.com.ar\/sitio\/wp-json\/wp\/v2\/comments?post=98292"}],"version-history":[{"count":1,"href":"https:\/\/eldiariodesanpedro.com.ar\/sitio\/wp-json\/wp\/v2\/posts\/98292\/revisions"}],"predecessor-version":[{"id":98296,"href":"https:\/\/eldiariodesanpedro.com.ar\/sitio\/wp-json\/wp\/v2\/posts\/98292\/revisions\/98296"}],"wp:featuredmedia":[{"embeddable":true,"href":"https:\/\/eldiariodesanpedro.com.ar\/sitio\/wp-json\/wp\/v2\/media\/98295"}],"wp:attachment":[{"href":"https:\/\/eldiariodesanpedro.com.ar\/sitio\/wp-json\/wp\/v2\/media?parent=98292"}],"wp:term":[{"taxonomy":"category","embeddable":true,"href":"https:\/\/eldiariodesanpedro.com.ar\/sitio\/wp-json\/wp\/v2\/categories?post=98292"},{"taxonomy":"post_tag","embeddable":true,"href":"https:\/\/eldiariodesanpedro.com.ar\/sitio\/wp-json\/wp\/v2\/tags?post=98292"}],"curies":[{"name":"wp","href":"https:\/\/api.w.org\/{rel}","templated":true}]}}