{"id":9828,"date":"2016-11-06T20:36:58","date_gmt":"2016-11-06T23:36:58","guid":{"rendered":"https:\/\/eldiariodesanpedro.com.ar\/sitio\/?p=9828"},"modified":"2016-11-06T20:36:58","modified_gmt":"2016-11-06T23:36:58","slug":"pergamino-robaron-30-mil-pesos-a-camioneros-y-los-abandonaron-encadenados-al-volante","status":"publish","type":"post","link":"https:\/\/eldiariodesanpedro.com.ar\/sitio\/pergamino-robaron-30-mil-pesos-a-camioneros-y-los-abandonaron-encadenados-al-volante\/","title":{"rendered":"Pergamino: Robaron 30 mil pesos a camioneros y los abandonaron encadenados al volante"},"content":{"rendered":"<p><!-- VideographyWP Plugin Message: Automatic video embedding prevented by plugin options. --><br \/>\nEl jueves a la noche, dos ladrones (uno de ellos armado con una pistola) abordaron al chofer de un cami\u00f3n de frigor\u00edfico y a su acompa\u00f1ante, a quienes les sustrajeron 20 mil pesos en efectivo y 10 mil en cheques. Antes de escapar, ataron a las v\u00edctimas a tres cuadras de donde los asaltaron.<\/p>\n<p>Tal como surge del relato del conductor del cami\u00f3n, de 57 a\u00f1os, y su acompa\u00f1ante, de 35, a las 21.45 del jueves se encontraban en la cabina del Iveco, perteneciente a la firma Frigor\u00edfico Nahuel, cuando los abordaron dos sujetos por las puertas laterales del veh\u00edculo estacionado por avenida Alsina, cerca del Hotel Fachinat.<\/p>\n<p>Uno de los delincuentes empu\u00f1aba una pistola y exigieron que volvieran a poner en marcha el rodado y lo condujeran por unas cuadras por avenida Alsina. En inmediaciones de la intersecci\u00f3n con Moreno, les exigieron el dinero de la recaudaci\u00f3n de la jornada laboral.<\/p>\n<p>Fue as\u00ed como se apoderaron de 20 mil pesos en efectivo y diez mil en cheques. Una vez que obtuvieron el bot\u00edn, maniataron a las v\u00edctimas con cadenas en el volante y escaparon corriendo.<\/p>\n","protected":false},"excerpt":{"rendered":"<p>El jueves a la noche, dos ladrones (uno de ellos armado con una pistola) abordaron al chofer de un cami\u00f3n de frigor\u00edfico y a su acompa\u00f1ante, a quienes les sustrajeron 20 mil pesos en efectivo y 10 mil en cheques. Antes de escapar, ataron a las v\u00edctimas a tres cuadras de donde los asaltaron. Tal [&hellip;]<\/p>\n","protected":false},"author":4,"featured_media":8862,"comment_status":"open","ping_status":"closed","sticky":false,"template":"","format":"standard","meta":{"om_disable_all_campaigns":false,"_jetpack_memberships_contains_paid_content":false,"footnotes":""},"categories":[621],"tags":[],"class_list":["post-9828","post","type-post","status-publish","format-standard","has-post-thumbnail","hentry","category-regionales"],"aioseo_notices":[],"gutentor_comment":0,"jetpack_featured_media_url":"https:\/\/eldiariodesanpedro.com.ar\/sitio\/wp-content\/uploads\/2016\/10\/home_16-04-07_controles_hlb.jpg","jetpack_shortlink":"https:\/\/wp.me\/p6RhLt-2yw","jetpack_sharing_enabled":true,"_links":{"self":[{"href":"https:\/\/eldiariodesanpedro.com.ar\/sitio\/wp-json\/wp\/v2\/posts\/9828","targetHints":{"allow":["GET"]}}],"collection":[{"href":"https:\/\/eldiariodesanpedro.com.ar\/sitio\/wp-json\/wp\/v2\/posts"}],"about":[{"href":"https:\/\/eldiariodesanpedro.com.ar\/sitio\/wp-json\/wp\/v2\/types\/post"}],"author":[{"embeddable":true,"href":"https:\/\/eldiariodesanpedro.com.ar\/sitio\/wp-json\/wp\/v2\/users\/4"}],"replies":[{"embeddable":true,"href":"https:\/\/eldiariodesanpedro.com.ar\/sitio\/wp-json\/wp\/v2\/comments?post=9828"}],"version-history":[{"count":1,"href":"https:\/\/eldiariodesanpedro.com.ar\/sitio\/wp-json\/wp\/v2\/posts\/9828\/revisions"}],"predecessor-version":[{"id":9829,"href":"https:\/\/eldiariodesanpedro.com.ar\/sitio\/wp-json\/wp\/v2\/posts\/9828\/revisions\/9829"}],"wp:featuredmedia":[{"embeddable":true,"href":"https:\/\/eldiariodesanpedro.com.ar\/sitio\/wp-json\/wp\/v2\/media\/8862"}],"wp:attachment":[{"href":"https:\/\/eldiariodesanpedro.com.ar\/sitio\/wp-json\/wp\/v2\/media?parent=9828"}],"wp:term":[{"taxonomy":"category","embeddable":true,"href":"https:\/\/eldiariodesanpedro.com.ar\/sitio\/wp-json\/wp\/v2\/categories?post=9828"},{"taxonomy":"post_tag","embeddable":true,"href":"https:\/\/eldiariodesanpedro.com.ar\/sitio\/wp-json\/wp\/v2\/tags?post=9828"}],"curies":[{"name":"wp","href":"https:\/\/api.w.org\/{rel}","templated":true}]}}