{"id":98255,"date":"2021-09-01T11:01:23","date_gmt":"2021-09-01T14:01:23","guid":{"rendered":"https:\/\/eldiariodesanpedro.com.ar\/sitio\/?p=98255"},"modified":"2021-09-01T19:47:36","modified_gmt":"2021-09-01T22:47:36","slug":"vendio-un-telefono-por-facebook-entrego-el-equipo-pero-no-recibio-el-dinero","status":"publish","type":"post","link":"https:\/\/eldiariodesanpedro.com.ar\/sitio\/vendio-un-telefono-por-facebook-entrego-el-equipo-pero-no-recibio-el-dinero\/","title":{"rendered":"Vendi\u00f3 un tel\u00e9fono por Facebook, entrego el equipo pero no recibi\u00f3 el dinero"},"content":{"rendered":"<!-- VideographyWP Plugin Message: Automatic video embedding prevented by plugin options. -->\n\n<p>Este martes siendo las 13 horas, denunci\u00f3 un ciudadano de 19 a\u00f1os de edad, quien realiz\u00f3 publicaci\u00f3n sobre venta de su tel\u00e9fono celular, en la red social \u201cFacebook\u201d, habi\u00e9ndose interesado una persona del sexo masculino, quien reside en la ciudad de Quilmes, con quien pacta la entrega del aparato, y denunciante recibir\u00e1 el pago a trav\u00e9s transferencia bancaria.&nbsp;<\/p>\n\n\n\n<p>El denunciante hace entrega del tel\u00e9fono pero no recibe el dep\u00f3sito del dinero.<\/p>\n","protected":false},"excerpt":{"rendered":"<p>Este martes siendo las 13 horas, denunci\u00f3 un ciudadano de 19 a\u00f1os de edad, quien realiz\u00f3 publicaci\u00f3n sobre venta de su tel\u00e9fono celular, en la red social \u201cFacebook\u201d, habi\u00e9ndose interesado una persona del sexo masculino, quien reside en la ciudad de Quilmes, con quien pacta la entrega del aparato, y denunciante recibir\u00e1 el pago a [&hellip;]<\/p>\n","protected":false},"author":4,"featured_media":98256,"comment_status":"closed","ping_status":"closed","sticky":false,"template":"","format":"standard","meta":{"om_disable_all_campaigns":false,"_jetpack_memberships_contains_paid_content":false,"footnotes":""},"categories":[2,103],"tags":[],"class_list":["post-98255","post","type-post","status-publish","format-standard","has-post-thumbnail","hentry","category-locales","category-policiales-locales"],"aioseo_notices":[],"gutentor_comment":0,"jetpack_featured_media_url":"https:\/\/eldiariodesanpedro.com.ar\/sitio\/wp-content\/uploads\/2021\/09\/Marketplace.jpg","jetpack_shortlink":"https:\/\/wp.me\/p6RhLt-pyL","jetpack_sharing_enabled":true,"_links":{"self":[{"href":"https:\/\/eldiariodesanpedro.com.ar\/sitio\/wp-json\/wp\/v2\/posts\/98255","targetHints":{"allow":["GET"]}}],"collection":[{"href":"https:\/\/eldiariodesanpedro.com.ar\/sitio\/wp-json\/wp\/v2\/posts"}],"about":[{"href":"https:\/\/eldiariodesanpedro.com.ar\/sitio\/wp-json\/wp\/v2\/types\/post"}],"author":[{"embeddable":true,"href":"https:\/\/eldiariodesanpedro.com.ar\/sitio\/wp-json\/wp\/v2\/users\/4"}],"replies":[{"embeddable":true,"href":"https:\/\/eldiariodesanpedro.com.ar\/sitio\/wp-json\/wp\/v2\/comments?post=98255"}],"version-history":[{"count":1,"href":"https:\/\/eldiariodesanpedro.com.ar\/sitio\/wp-json\/wp\/v2\/posts\/98255\/revisions"}],"predecessor-version":[{"id":98257,"href":"https:\/\/eldiariodesanpedro.com.ar\/sitio\/wp-json\/wp\/v2\/posts\/98255\/revisions\/98257"}],"wp:featuredmedia":[{"embeddable":true,"href":"https:\/\/eldiariodesanpedro.com.ar\/sitio\/wp-json\/wp\/v2\/media\/98256"}],"wp:attachment":[{"href":"https:\/\/eldiariodesanpedro.com.ar\/sitio\/wp-json\/wp\/v2\/media?parent=98255"}],"wp:term":[{"taxonomy":"category","embeddable":true,"href":"https:\/\/eldiariodesanpedro.com.ar\/sitio\/wp-json\/wp\/v2\/categories?post=98255"},{"taxonomy":"post_tag","embeddable":true,"href":"https:\/\/eldiariodesanpedro.com.ar\/sitio\/wp-json\/wp\/v2\/tags?post=98255"}],"curies":[{"name":"wp","href":"https:\/\/api.w.org\/{rel}","templated":true}]}}