{"id":9825,"date":"2016-11-06T20:34:40","date_gmt":"2016-11-06T23:34:40","guid":{"rendered":"https:\/\/eldiariodesanpedro.com.ar\/sitio\/?p=9825"},"modified":"2016-11-06T20:34:40","modified_gmt":"2016-11-06T23:34:40","slug":"campana-vuelco-en-la-panamericana-a-la-altura-del-km-81","status":"publish","type":"post","link":"https:\/\/eldiariodesanpedro.com.ar\/sitio\/campana-vuelco-en-la-panamericana-a-la-altura-del-km-81\/","title":{"rendered":"Campana: Vuelco en la Panamericana a la altura del km 81"},"content":{"rendered":"<p><!-- VideographyWP Plugin Message: Automatic video embedding prevented by plugin options. --><br \/>\nUn tremendo vuelco se produjo en horas de la tarde del viernes sobre ruta Panamericana, km 81, mano a Rosario. Dos autom\u00f3viles se rozaron en plena marcha y uno termin\u00f3 volcando sobre el carril.<\/p>\n<p>Por motivos que se desconocen, un Renault Cl\u00edo roz\u00f3 con una Renault Sandero mientras circulaban en el mismo sentido. El segundo veh\u00edculo termin\u00f3 volcando sobre el carril, quedando con las cuatro ruedas hacia el cielo.<br \/>\nSu conductor, identificado como Diego Alberto Herrera, sufri\u00f3 politraumatismos y fue trasladado al Hospital San Jos\u00e9. Los pasajeros del Cl\u00edo resultaron ilesos. <\/p>\n<p>Bomberos Voluntarios de Campana y personal del Comando de Patrullas, trabajaron en el lugar. El tr\u00e1nsito fue reducido a una mano. <\/p>\n","protected":false},"excerpt":{"rendered":"<p>Un tremendo vuelco se produjo en horas de la tarde del viernes sobre ruta Panamericana, km 81, mano a Rosario. Dos autom\u00f3viles se rozaron en plena marcha y uno termin\u00f3 volcando sobre el carril. Por motivos que se desconocen, un Renault Cl\u00edo roz\u00f3 con una Renault Sandero mientras circulaban en el mismo sentido. El segundo [&hellip;]<\/p>\n","protected":false},"author":4,"featured_media":9826,"comment_status":"open","ping_status":"closed","sticky":false,"template":"","format":"standard","meta":{"om_disable_all_campaigns":false,"_jetpack_memberships_contains_paid_content":false,"footnotes":""},"categories":[621],"tags":[],"class_list":["post-9825","post","type-post","status-publish","format-standard","has-post-thumbnail","hentry","category-regionales"],"aioseo_notices":[],"gutentor_comment":0,"jetpack_featured_media_url":"https:\/\/eldiariodesanpedro.com.ar\/sitio\/wp-content\/uploads\/2016\/11\/PAGINA-6-3.jpg","jetpack_shortlink":"https:\/\/wp.me\/p6RhLt-2yt","jetpack_sharing_enabled":true,"_links":{"self":[{"href":"https:\/\/eldiariodesanpedro.com.ar\/sitio\/wp-json\/wp\/v2\/posts\/9825","targetHints":{"allow":["GET"]}}],"collection":[{"href":"https:\/\/eldiariodesanpedro.com.ar\/sitio\/wp-json\/wp\/v2\/posts"}],"about":[{"href":"https:\/\/eldiariodesanpedro.com.ar\/sitio\/wp-json\/wp\/v2\/types\/post"}],"author":[{"embeddable":true,"href":"https:\/\/eldiariodesanpedro.com.ar\/sitio\/wp-json\/wp\/v2\/users\/4"}],"replies":[{"embeddable":true,"href":"https:\/\/eldiariodesanpedro.com.ar\/sitio\/wp-json\/wp\/v2\/comments?post=9825"}],"version-history":[{"count":1,"href":"https:\/\/eldiariodesanpedro.com.ar\/sitio\/wp-json\/wp\/v2\/posts\/9825\/revisions"}],"predecessor-version":[{"id":9827,"href":"https:\/\/eldiariodesanpedro.com.ar\/sitio\/wp-json\/wp\/v2\/posts\/9825\/revisions\/9827"}],"wp:featuredmedia":[{"embeddable":true,"href":"https:\/\/eldiariodesanpedro.com.ar\/sitio\/wp-json\/wp\/v2\/media\/9826"}],"wp:attachment":[{"href":"https:\/\/eldiariodesanpedro.com.ar\/sitio\/wp-json\/wp\/v2\/media?parent=9825"}],"wp:term":[{"taxonomy":"category","embeddable":true,"href":"https:\/\/eldiariodesanpedro.com.ar\/sitio\/wp-json\/wp\/v2\/categories?post=9825"},{"taxonomy":"post_tag","embeddable":true,"href":"https:\/\/eldiariodesanpedro.com.ar\/sitio\/wp-json\/wp\/v2\/tags?post=9825"}],"curies":[{"name":"wp","href":"https:\/\/api.w.org\/{rel}","templated":true}]}}