{"id":98249,"date":"2021-09-01T10:13:04","date_gmt":"2021-09-01T13:13:04","guid":{"rendered":"https:\/\/eldiariodesanpedro.com.ar\/sitio\/?p=98249"},"modified":"2021-09-01T19:47:53","modified_gmt":"2021-09-01T22:47:53","slug":"kicillof-oficializo-la-designacion-de-macchia-como-juez-de-paz","status":"publish","type":"post","link":"https:\/\/eldiariodesanpedro.com.ar\/sitio\/kicillof-oficializo-la-designacion-de-macchia-como-juez-de-paz\/","title":{"rendered":"Kicillof oficializ\u00f3 la designaci\u00f3n de Macchia como Juez de Paz"},"content":{"rendered":"<!-- VideographyWP Plugin Message: Automatic video embedding prevented by plugin options. -->\n\n<p>El gobernador Axel Kicillof firm\u00f3 varios decretos a trav\u00e9s de los cuales dej\u00f3 designados los 31 jueces cuyos pliegos aprob\u00e9 el Senado en agosto.<\/p>\n\n\n\n<p>El gobernador\u00a0<strong>Axel Kicillof<\/strong>\u00a0design\u00f3 a los 31\u00a0jueces\u00a0cuyos pliegos hab\u00edan sido aprobados por el\u00a0Senado bonaerense\u00a0en la sesi\u00f3n del 11 de agosto pasado, tal como qued\u00f3 establecido hoy en el Bolet\u00edn Oficial.<\/p>\n\n\n\n<p>Estos magistrados van a ocupar cargos vacantes en los departamentos judiciales de San Mart\u00edn, San Isidro, Mar del Plata, Lomas de Zamora, Mor\u00f3n, La Plata, La Matanza, Azul, Mercedes, Quilmes, Moreno-General Rodr\u00edguez, San Nicol\u00e1s y Bah\u00eda Blanca.<\/p>\n\n\n\n<p>Cabe recordar que estos 31 pliegos fueron aprobados con el voto de Juntos, que tiene mayor\u00eda en la C\u00e1mara alta, luego de que Kicillof firmara el nombramiento de otros 31 magistrados que la oposici\u00f3n hab\u00eda votado durante la gesti\u00f3n de Mar\u00eda Eugenia Vidal.<\/p>\n\n\n\n<p>Cabe recordar que el tema trajo grandes choques entre oficialismo y oposici\u00f3n, sobre todo porque desde el bloque cambiemita en el Senado marcaban que el Ejecutivo estaba \u201cfrenando el funcionamiento de la Justicia\u201d por las cientos de vacantes que restan cubrir.<\/p>\n\n\n\n<h3 class=\"wp-block-heading\">Qui\u00e9nes son los 31 designados<\/h3>\n\n\n\n<p>Los nombramientos oficializados para los tribunales de La Plata son los de Ana Bel\u00e9n Piccone (Jueza en lo Correcional), Ernesto Juli\u00e1n Ferreyra y Juan Alberto Benavidez (Jueces de C\u00e1mara de Apelaci\u00f3n y Garant\u00edas).<\/p>\n\n\n\n<p>En el departamento de San Mart\u00edn, los designados son Mar\u00eda del Carmen Gonz\u00e1lez Molinari y Valeria \u00c1lvarez, Paola Carolina Mazzeo (Juezas de Tribunal Criminal), Jorge Andr\u00e9s \u00c1lvarez (Juez de C\u00e1mara de Apelaciones y Garant\u00edas), Mariano Andr\u00e9s Porto (Juez de C\u00e1mara de Apelaciones y Garant\u00edas en lo Penal) y Lorena Malvina Martos (Jueza de Jugado de Familia).<\/p>\n\n\n\n<p>En Mor\u00f3n se nombr\u00f3 a Laura Mariel Pinto (Jueza de Garant\u00edas), Federico Carlos Topino (Juez de Tribunal en lo Criminal) y a Esteban Mart\u00edn Juliano (Responsabilidad Penal Juvenil).<\/p>\n\n\n\n<p>En el caso del departamento judicial Mar del Plata son para Federico Wacker Shroder (Juez de Tribunal Criminal) y Guillermo Abel Pocatino (Juez Juzgado de Primera Instancia en Civil y Comercial).<\/p>\n\n\n\n<p>En Lomas de Zamora se oficializaron las designaciones de Mariano Marcelo Cattaneo (Juez Juzgado de Primera Instancia en Civil y Comercial) y Antonio Miguel Balicki (Juez de Juzgado en lo Correccional).<\/p>\n\n\n\n<p>En San Isidro las designaciones corresponden a Silvina Coto (Jueza de Garant\u00eda de Juzgado del Joven), a Venere Mar\u00eda Paula (Juez de Primera Instancia en lo Administrativo), a Pablo Castillo (Juez de Paz) y a H\u00e9ctor Alberto Baltar (Juez de C\u00e1mara de Apelaci\u00f3n de Garant\u00edas en lo Penal).<\/p>\n\n\n\n<p>En tanto, en Mercedes los pliegos oficializados son los de Ignacio Racca (Juez de Tribunal en lo Criminal), Lucas Ricardo G\u00f3mez (Juez de C\u00e1mara de Apelaci\u00f3n), en Quilmes el de Lu\u00eds Alejandro Gil Juliani, Mario Daniel Caputo (Jueces de C\u00e1mara de Apelaci\u00f3n) y en La Matanza los de Natalia Mauro (Jueza de Juzgado en lo Correccional) y Javier Gaspar (Defensor Fuero Responsabilidad Juvenil).<\/p>\n\n\n\n<p>Finalmente, se design\u00f3 a Gustavo Agust\u00edn Echavarr\u00eda Juez de C\u00e1mara de Apelaci\u00f3n de Garant\u00edas en lo Penal) en Azul; a Jorge Federico Mercado (Juez de C\u00e1mara de Apelaci\u00f3n) en Bah\u00eda Blanca; a Alel\u00ed Nieves Kalf (Jueza Juzgado en lo Correccional) en Z\u00e1rate &#8211; Campana; y a Jos\u00e9 Ignacio Maschia (Juez de Paz) en San Nicol\u00e1s.<\/p>\n\n\n\n<p>Fuente: <a href=\"https:\/\/infocielo.com\/axel-kicillof\/axel-kicillof-designo-los-31-jueces-aprobados-el-senado-n719381\">infocielo<\/a><\/p>\n","protected":false},"excerpt":{"rendered":"<p>El gobernador Axel Kicillof firm\u00f3 varios decretos a trav\u00e9s de los cuales dej\u00f3 designados los 31 jueces cuyos pliegos aprob\u00e9 el Senado en agosto. El gobernador\u00a0Axel Kicillof\u00a0design\u00f3 a los 31\u00a0jueces\u00a0cuyos pliegos hab\u00edan sido aprobados por el\u00a0Senado bonaerense\u00a0en la sesi\u00f3n del 11 de agosto pasado, tal como qued\u00f3 establecido hoy en el Bolet\u00edn Oficial. Estos magistrados [&hellip;]<\/p>\n","protected":false},"author":4,"featured_media":98073,"comment_status":"closed","ping_status":"closed","sticky":false,"template":"","format":"standard","meta":{"om_disable_all_campaigns":false,"_jetpack_memberships_contains_paid_content":false,"footnotes":""},"categories":[50,101,2],"tags":[],"class_list":["post-98249","post","type-post","status-publish","format-standard","has-post-thumbnail","hentry","category-destacadas","category-interes-general-locales","category-locales"],"aioseo_notices":[],"gutentor_comment":0,"jetpack_featured_media_url":"https:\/\/eldiariodesanpedro.com.ar\/sitio\/wp-content\/uploads\/2021\/08\/WhatsApp-Image-2021-08-27-at-19.10.12.jpeg","jetpack_shortlink":"https:\/\/wp.me\/p6RhLt-pyF","jetpack_sharing_enabled":true,"_links":{"self":[{"href":"https:\/\/eldiariodesanpedro.com.ar\/sitio\/wp-json\/wp\/v2\/posts\/98249","targetHints":{"allow":["GET"]}}],"collection":[{"href":"https:\/\/eldiariodesanpedro.com.ar\/sitio\/wp-json\/wp\/v2\/posts"}],"about":[{"href":"https:\/\/eldiariodesanpedro.com.ar\/sitio\/wp-json\/wp\/v2\/types\/post"}],"author":[{"embeddable":true,"href":"https:\/\/eldiariodesanpedro.com.ar\/sitio\/wp-json\/wp\/v2\/users\/4"}],"replies":[{"embeddable":true,"href":"https:\/\/eldiariodesanpedro.com.ar\/sitio\/wp-json\/wp\/v2\/comments?post=98249"}],"version-history":[{"count":1,"href":"https:\/\/eldiariodesanpedro.com.ar\/sitio\/wp-json\/wp\/v2\/posts\/98249\/revisions"}],"predecessor-version":[{"id":98251,"href":"https:\/\/eldiariodesanpedro.com.ar\/sitio\/wp-json\/wp\/v2\/posts\/98249\/revisions\/98251"}],"wp:featuredmedia":[{"embeddable":true,"href":"https:\/\/eldiariodesanpedro.com.ar\/sitio\/wp-json\/wp\/v2\/media\/98073"}],"wp:attachment":[{"href":"https:\/\/eldiariodesanpedro.com.ar\/sitio\/wp-json\/wp\/v2\/media?parent=98249"}],"wp:term":[{"taxonomy":"category","embeddable":true,"href":"https:\/\/eldiariodesanpedro.com.ar\/sitio\/wp-json\/wp\/v2\/categories?post=98249"},{"taxonomy":"post_tag","embeddable":true,"href":"https:\/\/eldiariodesanpedro.com.ar\/sitio\/wp-json\/wp\/v2\/tags?post=98249"}],"curies":[{"name":"wp","href":"https:\/\/api.w.org\/{rel}","templated":true}]}}